{"id":1046,"date":"2022-09-26T09:55:06","date_gmt":"2022-09-26T07:55:06","guid":{"rendered":"https:\/\/axell-group.com\/pl\/?post_type=actual&#038;p=1046"},"modified":"2022-10-17T20:38:03","modified_gmt":"2022-10-17T18:38:03","slug":"oficjalne-otwarcie-axell-transport","status":"publish","type":"actual","link":"https:\/\/axell-group.com\/pl\/aktualnosci\/oficjalne-otwarcie-axell-transport\/","title":{"rendered":"Oficjalne otwarcie Axell Transport"},"content":{"rendered":"<h2 class=\"wp-block-heading\">Axell rozszerza dzia\u0142alno\u015b\u0107 transportow\u0105, otwieraj\u0105c sp\u00f3\u0142k\u0119 transportow\u0105 \u2014 Axell Transport Sp. z o.o.<\/h2>\n<p><strong>Wrzesie\u0144 2022<\/strong><\/p>\n<p><strong>Ze wzgl\u0119du na sta\u0142e poszukiwanie pola do rozwoju, naturalnym krokiem by\u0142o dla nas otworzenie nowej firmy transportowej i uruchomienie w\u0142asnej floty. Zgodnie z tym, co obserwujemy na rynku &#8211; wzmocnienie dotychczasowych dzia\u0142a\u0144 spedycji mi\u0119dzynarodowej i krajowej, w\u0142asn\u0105 flot\u0105 i us\u0142ugami transportowymi jest idealnym krokiem naprz\u00f3d dla ca\u0142ej grupy Axell!<\/strong><\/p>\n<figure class=\"wp-block-image\"><img loading=\"lazy\" decoding=\"async\" width=\"1024\" height=\"768\" src=\"https:\/\/axell-group.com\/pl\/wp-content\/uploads\/sites\/3\/2022\/09\/Truck-PL-sept-2022-1024x768.jpg\" alt=\"\" class=\"wp-image-1047\" srcset=\"https:\/\/axell-group.com\/pl\/wp-content\/uploads\/sites\/3\/2022\/09\/Truck-PL-sept-2022-1024x768.jpg 1024w, https:\/\/axell-group.com\/pl\/wp-content\/uploads\/sites\/3\/2022\/09\/Truck-PL-sept-2022-300x225.jpg 300w, https:\/\/axell-group.com\/pl\/wp-content\/uploads\/sites\/3\/2022\/09\/Truck-PL-sept-2022-768x576.jpg 768w, https:\/\/axell-group.com\/pl\/wp-content\/uploads\/sites\/3\/2022\/09\/Truck-PL-sept-2022-1536x1152.jpg 1536w, https:\/\/axell-group.com\/pl\/wp-content\/uploads\/sites\/3\/2022\/09\/Truck-PL-sept-2022-767x575.jpg 767w, https:\/\/axell-group.com\/pl\/wp-content\/uploads\/sites\/3\/2022\/09\/Truck-PL-sept-2022-817x613.jpg 817w, https:\/\/axell-group.com\/pl\/wp-content\/uploads\/sites\/3\/2022\/09\/Truck-PL-sept-2022.jpg 1600w\" sizes=\"auto, (max-width: 1024px) 100vw, 1024px\" \/><\/figure>\n<h2 class=\"has-vivid-red-color has-text-color wp-block-heading\">Rozszerzenie dzia\u0142alno\u015bci transportowej wzmacnia pozycj\u0119 Axell&nbsp;<\/h2>\n<p>Axell Transport Sp. z.o.o od wrze\u015bnia 2022 oferuje zar\u00f3wno us\u0142ugi transportu krajowego, jak i mi\u0119dzynarodowego, dystrybucj\u0119 detaliczn\u0105 oraz spedycj\u0119 (mi\u0119dzy)narodow\u0105. Korzystaj\u0105 na tym zar\u00f3wno nasi Klienci, jak i lokalizacje Axell Logistics w Polsce i Holandii.<\/p>\n<p>Sk\u0105d decyzja o partnerze biznesowym przy budowaniu floty? C\u00f3\u017c, bior\u0105c pod uwag\u0119 holenderskie korzenie Axell Group, wyb\u00f3r DAF by\u0142 nieunikniony. <\/p>\n<p>Ju\u017c teraz pierwsze 6 bia\u0142ych ci\u0119\u017car\u00f3wek DAF i 2 samochody Iveco mo\u017cna spotka\u0107 na drodze. W dalszym planie s\u0105 kolejne 4 (tym razem czarne) ci\u0119\u017car\u00f3wki. A to dopiero pocz\u0105tek naszych plan\u00f3w na rozw\u00f3j!<\/p>\n<p>W nadchodz\u0105cym roku flota zostanie poszerzona o kolejne 10 mniejszych samochod\u00f3w transportowych. Wi\u0105\u017ce si\u0119 to te\u017c z intensywnym poszukiwaniem pracownik\u00f3w, bo w niedalekiej przysz\u0142o\u015bci planujemy zatrudni\u0107 a\u017c 25 kierowc\u00f3w!<\/p>\n<h2 class=\"has-vivid-red-color has-text-color wp-block-heading\">Dalszy rozw\u00f3j<\/h2>\n<p>Emmanuel Piskozub, dyrektor zarz\u0105dzaj\u0105cy Axell Transport, wypowiedzia\u0142 si\u0119 na temat uruchomienia nowej sp\u00f3\u0142kki:<br \/><em>\u201ePoprzez pionowe rozszerzenie naszej dzia\u0142alno\u015bci transportowej, wzmacniamy nasz\u0105 pozycj\u0119 jako wa\u017cnego gracza w bran\u017cy transportowej, szczeg\u00f3lnie w obszarze dystrybucji detalicznej\u201d. <\/em><\/p>\n<p>Nie da si\u0119 ukry\u0107, \u017ce dzi\u0119ki temu rozwojowi Axell rozszerza sw\u00f3j portfel us\u0142ug. Jako jeden z przyk\u0142ad\u00f3w mo\u017cemy przytoczy\u0107 to, \u017ce od teraz b\u0119dziemy realizowa\u0107 transport w temperaturze kontrolowanej!<\/p>\n<p><em>\u201eJeste\u015bmy bardzo zadowoleni z tej mo\u017cliwo\u015bci. Rozbudowa naszego oddzia\u0142u transportowego o w\u0142asn\u0105 flot\u0119 sprawia, \u017ce mo\u017cemy jeszcze bardziej elastycznie odpowiada\u0107 na potrzeby naszych klient\u00f3w.\u201d<\/em> <br \/>zaznacza Mieszko Rusinowski, Dyrektor Zarz\u0105dzaj\u0105cy Axell Logistics Sp. z o.o.\u00a0\u00a0<\/p>\n<p>Aby m\u00f3c realizowa\u0107 kompleksowe us\u0142ugi logistyczne na poczet swoich Klient\u00f3w \u2014 wszystkie sp\u00f3\u0142ki Axell Group wsp\u00f3lnymi si\u0142ami wsp\u00f3\u0142pracuj\u0105, aby stale si\u0119 doskonali\u0107 i utrzymywa\u0107 szczer\u0105 i otwart\u0105 komunikacj\u0119.\u00a0<\/p>\n<h2 class=\"has-vivid-red-color has-text-color wp-block-heading\">Gdzie to si\u0119 zacz\u0119\u0142o?&nbsp;<\/h2>\n<p>Nasza nowa sp\u00f3\u0142ka ma siedzib\u0119 w Rakoniewicach. Miejscu, w kt\u00f3rym wraz z inauguracj\u0105 Ponetexu rozpocz\u0119\u0142a si\u0119 holendersko-polska wsp\u00f3\u0142praca Axell. To w\u0142a\u015bnie tutaj w 1996 roku Axell (dawniej Timmermans Transport &amp; Logistics) wybudowali\u015bmy sw\u00f3j pierwszy Polski magazyn. Warto zaznaczy\u0107, \u017ce w tamtych czasach lokalizacja zosta\u0142a wybrana ze wzgl\u0119du na wsp\u00f3\u0142prac\u0119 burmistrz\u00f3w obu lokalizacji: wsi Diessen NL (siedziba Axell) i Rakoniewic (PL).<\/p>\n<figure class=\"wp-block-image\"><img loading=\"lazy\" decoding=\"async\" width=\"1024\" height=\"643\" src=\"https:\/\/axell-group.com\/pl\/wp-content\/uploads\/sites\/3\/2022\/09\/1996-August-Ponetex_Rakoniewice-warehouses-1024x643-1.jpeg\" alt=\"\" class=\"wp-image-1048\" srcset=\"https:\/\/axell-group.com\/pl\/wp-content\/uploads\/sites\/3\/2022\/09\/1996-August-Ponetex_Rakoniewice-warehouses-1024x643-1.jpeg 1024w, https:\/\/axell-group.com\/pl\/wp-content\/uploads\/sites\/3\/2022\/09\/1996-August-Ponetex_Rakoniewice-warehouses-1024x643-1-300x188.jpeg 300w, https:\/\/axell-group.com\/pl\/wp-content\/uploads\/sites\/3\/2022\/09\/1996-August-Ponetex_Rakoniewice-warehouses-1024x643-1-768x482.jpeg 768w, https:\/\/axell-group.com\/pl\/wp-content\/uploads\/sites\/3\/2022\/09\/1996-August-Ponetex_Rakoniewice-warehouses-1024x643-1-767x482.jpeg 767w, https:\/\/axell-group.com\/pl\/wp-content\/uploads\/sites\/3\/2022\/09\/1996-August-Ponetex_Rakoniewice-warehouses-1024x643-1-817x513.jpeg 817w\" sizes=\"auto, (max-width: 1024px) 100vw, 1024px\" \/><\/figure>\n<p><em>\u201eDlatego bardzo cieszymy si\u0119 z obecno\u015bci by\u0142ego burmistrza Rakoniewic J\u00f3zefa Sieradzana, kt\u00f3rzy przeprowadzili uroczyste otwarcie naszej nowej firmy\u201d<\/em> <br \/>zaznaczy\u0142a podczas przemowy Henri\u00ebtte Timmermans, w\u0142a\u015bcicielka firmy Axell. Group.\u00a0<\/p>\n<h2 class=\"has-vivid-red-color has-text-color wp-block-heading\">Na temat Axell&nbsp;<\/h2>\n<p>Cho\u0107 aktualnie posiadamy 6 lokalizacji i \u0142\u0105cznie 50 000 metr\u00f3w kwadratowych powierzchni magazynowej w Polsce, to nadal poszukujemy pola do rozwoju!<\/p>\n<p>Z racji, \u017ce jeste\u015bmy firm\u0105 rodzinn\u0105, to wsp\u00f3\u0142praca i otwarta komunikacja s\u0105 w naszym DNA. Niezale\u017cnie od tego, czy chodzi o nasze warto\u015bci wewn\u0119trzne, czy us\u0142ugi logistyczne: nasza organizacja d\u0105\u017cy do osi\u0105gania trwa\u0142ych wynik\u00f3w. <\/p>\n<p>Dlatego piel\u0119gnujemy tworzenie warto\u015bci dodanej wraz z naszymi us\u0142ugami i pracownikami.\u00a0\u00a0<\/p>\n<p class=\"has-text-align-right\">Adding Value Together.&nbsp;<\/p>\n","protected":false},"excerpt":{"rendered":"<p>Axell rozszerza dzia\u0142alno\u015b\u0107 transportow\u0105, otwieraj\u0105c sp\u00f3\u0142k\u0119 transportow\u0105 \u2014 Axell Transport Sp. z o.o. Wrzesie\u0144 2022 Ze wzgl\u0119du na sta\u0142e poszukiwanie pola do rozwoju, naturalnym krokiem by\u0142o dla nas otworzenie nowej firmy transportowej i uruchomienie w\u0142asnej floty. Zgodnie z tym, co obserwujemy na rynku &#8211; wzmocnienie dotychczasowych dzia\u0142a\u0144 spedycji mi\u0119dzynarodowej i krajowej, w\u0142asn\u0105 flot\u0105 i us\u0142ugami [&hellip;]<\/p>\n","protected":false},"featured_media":1047,"template":"","cat_actual":[48],"class_list":["post-1046","actual","type-actual","status-publish","has-post-thumbnail","hentry","cat_actual-axell-group"],"acf":[],"_links":{"self":[{"href":"https:\/\/axell-group.com\/pl\/wp-json\/wp\/v2\/actual\/1046","targetHints":{"allow":["GET"]}}],"collection":[{"href":"https:\/\/axell-group.com\/pl\/wp-json\/wp\/v2\/actual"}],"about":[{"href":"https:\/\/axell-group.com\/pl\/wp-json\/wp\/v2\/types\/actual"}],"wp:featuredmedia":[{"embeddable":true,"href":"https:\/\/axell-group.com\/pl\/wp-json\/wp\/v2\/media\/1047"}],"wp:attachment":[{"href":"https:\/\/axell-group.com\/pl\/wp-json\/wp\/v2\/media?parent=1046"}],"wp:term":[{"taxonomy":"cat_actual","embeddable":true,"href":"https:\/\/axell-group.com\/pl\/wp-json\/wp\/v2\/cat_actual?post=1046"}],"curies":[{"name":"wp","href":"https:\/\/api.w.org\/{rel}","templated":true}]}}