{"id":1127,"date":"2023-02-27T15:22:53","date_gmt":"2023-02-27T14:22:53","guid":{"rendered":"https:\/\/axell-group.com\/pl\/?post_type=actual&#038;p=1127"},"modified":"2023-02-28T17:09:56","modified_gmt":"2023-02-28T16:09:56","slug":"portret-jo-timmermansa-zalozyciel-i-przedsiebiorca","status":"publish","type":"actual","link":"https:\/\/axell-group.com\/pl\/aktualnosci\/portret-jo-timmermansa-zalozyciel-i-przedsiebiorca\/","title":{"rendered":"Portret Jo Timmermansa \u2013 za\u0142o\u017cyciel i przedsi\u0119biorca"},"content":{"rendered":"<h2 class=\"wp-block-heading\"><strong>Jak to si\u0119 zacz\u0119\u0142o<\/strong><\/h2>\n<p>Jo (Johannes A.C.) Timmermans urodzi\u0142 si\u0119 25 sierpnia 1912 r. w Diessen. Jo rozwin\u0105\u0142 swoje umiej\u0119tno\u015bci handlowe ju\u017c w m\u0142odym wieku. Cz\u0119sto towarzyszy\u0142 swojemu ojcu Janowi, kt\u00f3ry \u2013 cho\u0107 pracowa\u0142 w rolnictwie \u2013 kocha\u0142 handel ko\u0144mi. Tak\u017ce ze strony matki &#8211; rodzice Sjo prowadzili karczm\u0119 w Willemstad &#8211; przedsi\u0119biorczo\u015b\u0107 by\u0142a czym\u015b, czego Jo do\u015bwiadcza\u0142 od samego pocz\u0105tku swojego \u017cycia.<\/p>\n<p>Oko\u0142o 90 lat temu 20-letni w\u00f3wczas Jo Timmermans rozpocz\u0105\u0142 dzia\u0142alno\u015b\u0107 jako handlowiec sianem i s\u0142om\u0105. Pocz\u0105tkowo interesy prowadzi\u0142 z pokoju na pi\u0119trze kawiarni swoich rodzic\u00f3w Caf\u00e9 Kerkzicht w Diessen.<\/p>\n<p>Wkr\u00f3tce Jo rozszerzy\u0142 swoj\u0105 dzia\u0142alno\u015b\u0107, zatrudniaj\u0105c przedstawicieli, kt\u00f3rzy kupowali dla niego siano i s\u0142om\u0119 w regionie. I na tej dzia\u0142alno\u015bci si\u0119 nie sko\u0144czy\u0142o, widzia\u0142 te\u017c mo\u017cliwo\u015bci dla zbo\u017ca, a p\u00f3\u017aniej nawozu i kredy. Od po\u0142owy lat czterdziestych do ko\u0144ca lat pi\u0119\u0107dziesi\u0105tych Jo co tydzie\u0144 je\u017adzi\u0142 na gie\u0142d\u0119 w Rotterdamie, aby handlowa\u0107 s\u0142om\u0105 i zbo\u017cem.<\/p>\n<h2 class=\"wp-block-heading\"><strong>Zmiana na dzia\u0142ania logistyczne<\/strong><\/h2>\n<p>Na pocz\u0105tku lat 50. by\u0142 jednym z najwi\u0119kszych dostawc\u00f3w s\u0142omy w Holandii. Jego najwi\u0119kszym klientem by\u0142a armia. W 1952 roku do firmy przyj\u0119to pierwszych dw\u00f3ch pracownik\u00f3w biurowych. Wymaga\u0142o to odpowiedniego zakwaterowania. Przy ulicy Julianastraat w Diessen zbudowano biuro z do\u0142\u0105czonym domem dla rodziny Jo.<\/p>\n<p>Handel sianem i s\u0142om\u0105 prze\u017cywa\u0142 sw\u00f3j szczyt w latach 1937-1960. Na pocz\u0105tku lat 60-tych firma zosta\u0142a rozszerzona o handel makulatur\u0105, poniewa\u017c przemys\u0142 tekturowy zacz\u0105\u0142 u\u017cywa\u0107 makulatury zamiast s\u0142omy do produkcji papieru. Gdy popyt na s\u0142om\u0119 si\u0119 wyczerpa\u0142, szopy do sk\u0142adowania s\u0142omy zamieniono na magazyny do przechowywania form dla przemys\u0142u szklarskiego i tektury falistej dla firmy Philips. \u201eNarodzi\u0142a si\u0119\u201d firma Timmermans Transport and Logistics.<\/p>\n<p>Po raz kolejny Jo udowodni\u0142, \u017ce w swojej przedsi\u0119biorczo\u015bci dokona\u0142 w\u0142a\u015bciwego wyboru. Firma rozwija\u0142a si\u0119 dalej. I z pewno\u015bci\u0105 nie by\u0142y to jedyne osi\u0105gni\u0119cia Jo. Jak cz\u0119sto si\u0119 m\u00f3wi, za ka\u017cdym odnosz\u0105cym sukcesy przedsi\u0119biorc\u0105 stoi silny dom. Tak by\u0142o w przypadku Jo i jego \u017cony To Timmermans &#8211; van Riet. Poza prowadzeniem rodziny z 5 dzieci, w tle by\u0142a zaanga\u017cowana w rozw\u00f3j firmy. By\u0142a pod r\u0119k\u0105, aby powita\u0107 klient\u00f3w i dostawc\u00f3w fili\u017cank\u0105 kawy, gor\u0105cym posi\u0142kiem lub d\u017cemem, aby doko\u0144czy\u0107 transakcj\u0119. Sprzeda\u017c jej dzia\u0142ki w Vessem pozwoli\u0142a jej r\u00f3wnie\u017c na wniesienie wk\u0142adu finansowego, aby umo\u017cliwi\u0107 dalszy rozw\u00f3j.<\/p>\n<h2 class=\"wp-block-heading\"><strong>Dalszy rozw\u00f3j<\/strong><\/h2>\n<p>W 1972 roku firma liczy\u0142a oko\u0142o 20 000 m2 powierzchni magazynowej i 15 samochod\u00f3w ci\u0119\u017carowych. Trzy lata p\u00f3\u017aniej by\u0142o to ju\u017c 18 ci\u0119\u017car\u00f3wek i 27 pracownik\u00f3w. W tym samym roku do firmy do\u0142\u0105czy\u0142 jego syn Jan w wieku 22 lat. To by\u0142 pocz\u0105tek rodzinnego biznesu, kt\u00f3ry w tym roku obchodzi 90-lecie!<\/p>\n","protected":false},"excerpt":{"rendered":"<p>Jak to si\u0119 zacz\u0119\u0142o Jo (Johannes A.C.) Timmermans urodzi\u0142 si\u0119 25 sierpnia 1912 r. w Diessen. Jo rozwin\u0105\u0142 swoje umiej\u0119tno\u015bci handlowe ju\u017c w m\u0142odym wieku. Cz\u0119sto towarzyszy\u0142 swojemu ojcu Janowi, kt\u00f3ry \u2013 cho\u0107 pracowa\u0142 w rolnictwie \u2013 kocha\u0142 handel ko\u0144mi. Tak\u017ce ze strony matki &#8211; rodzice Sjo prowadzili karczm\u0119 w Willemstad &#8211; przedsi\u0119biorczo\u015b\u0107 by\u0142a czym\u015b, [&hellip;]<\/p>\n","protected":false},"featured_media":0,"template":"","cat_actual":[48],"class_list":["post-1127","actual","type-actual","status-publish","hentry","cat_actual-axell-group"],"acf":[],"_links":{"self":[{"href":"https:\/\/axell-group.com\/pl\/wp-json\/wp\/v2\/actual\/1127","targetHints":{"allow":["GET"]}}],"collection":[{"href":"https:\/\/axell-group.com\/pl\/wp-json\/wp\/v2\/actual"}],"about":[{"href":"https:\/\/axell-group.com\/pl\/wp-json\/wp\/v2\/types\/actual"}],"wp:attachment":[{"href":"https:\/\/axell-group.com\/pl\/wp-json\/wp\/v2\/media?parent=1127"}],"wp:term":[{"taxonomy":"cat_actual","embeddable":true,"href":"https:\/\/axell-group.com\/pl\/wp-json\/wp\/v2\/cat_actual?post=1127"}],"curies":[{"name":"wp","href":"https:\/\/api.w.org\/{rel}","templated":true}]}}