{"id":1172,"date":"2023-07-05T10:47:02","date_gmt":"2023-07-05T08:47:02","guid":{"rendered":"https:\/\/axell-group.com\/pl\/?post_type=actual&#038;p=1172"},"modified":"2023-10-18T15:35:20","modified_gmt":"2023-10-18T13:35:20","slug":"jan-timmermansa-wizjonerskie-drugie-pokolenie","status":"publish","type":"actual","link":"https:\/\/axell-group.com\/pl\/aktualnosci\/jan-timmermansa-wizjonerskie-drugie-pokolenie\/","title":{"rendered":"Jan Timmermans &#8211; wizjonerskie, drugie pokolenie"},"content":{"rendered":"<p>Jan Timmermans, lider i wizjoner, odegra\u0142 kluczow\u0105 rol\u0119 w rozwoju rodzinnej firmy i stanowi\u0142 si\u0142\u0119 nap\u0119dow\u0105 dla rozszerzenia dzia\u0142alno\u015bci na rynek polski. Jako drugie pokolenie, Jan stawia\u0142 czo\u0142a wyzwaniom, ale potrafi\u0142 przeprowadzi\u0107 firm\u0119 przez trudne czasy i jednocze\u015bnie wspiera\u0107 jej rozw\u00f3j.<\/p>\n<p>Po otrzymaniu tytu\u0142u licencjata w dziedzinie administracji biznesowej, Jan do\u0142\u0105czy\u0142 do firmy, gdzie zdoby\u0142 do\u015bwiadczenie na licznych stanowiskach i naby\u0142 niezb\u0119dne kwalifikacje. W 1981 roku przej\u0105\u0142 firm\u0119 od swojego ojca. Pomimo wyzwa\u0144, Jan z powodzeniem rozwija\u0142 firm\u0119. Jan zainwestowa\u0142 we flot\u0119, zwi\u0119kszy\u0142 pojemno\u015b\u0107 magazynow\u0105 i pozyska\u0142 nowych (mi\u0119dzy)narodowych klient\u00f3w. Du\u017cy nacisk po\u0142o\u017cy\u0142 na jako\u015b\u0107 (ISO 9002) i wydajno\u015b\u0107, co pozwoli\u0142o Timmermans rozwin\u0105\u0107 si\u0119 w nowoczesn\u0105 firm\u0119 logistyczn\u0105.<\/p>\n<div class=\"wp-block-media-text alignwide is-stacked-on-mobile is-vertically-aligned-center\" style=\"grid-template-columns:42% auto\">\n<figure class=\"wp-block-media-text__media\"><img loading=\"lazy\" decoding=\"async\" width=\"940\" height=\"788\" src=\"https:\/\/axell-group.com\/pl\/wp-content\/uploads\/sites\/3\/2023\/07\/Projekt-bez-nazwy-9.png\" alt=\"\" class=\"wp-image-1174 size-full\" srcset=\"https:\/\/axell-group.com\/pl\/wp-content\/uploads\/sites\/3\/2023\/07\/Projekt-bez-nazwy-9.png 940w, https:\/\/axell-group.com\/pl\/wp-content\/uploads\/sites\/3\/2023\/07\/Projekt-bez-nazwy-9-300x251.png 300w, https:\/\/axell-group.com\/pl\/wp-content\/uploads\/sites\/3\/2023\/07\/Projekt-bez-nazwy-9-768x644.png 768w, https:\/\/axell-group.com\/pl\/wp-content\/uploads\/sites\/3\/2023\/07\/Projekt-bez-nazwy-9-767x643.png 767w, https:\/\/axell-group.com\/pl\/wp-content\/uploads\/sites\/3\/2023\/07\/Projekt-bez-nazwy-9-817x685.png 817w\" sizes=\"auto, (max-width: 940px) 100vw, 940px\" \/><\/figure>\n<div class=\"wp-block-media-text__content\">\n<p class=\"has-medium-font-size\">W 1993 roku przedsi\u0119biorstwo osi\u0105gn\u0119\u0142o znacz\u0105cy kamie\u0144 milowy, przejmuj\u0105c firm\u0119 transportow\u0105 In &#8216;t Veld. <\/p>\n<\/div>\n<\/div>\n<p>Pozwoli\u0142o to Timmermans rozszerzy\u0107 dzia\u0142alno\u015b\u0107 w Etten-Leur i sta\u0107 si\u0119 &#8220;publiczn\u0105 firm\u0105 magazynow\u0105&#8221;, \u015bwiadcz\u0105c\u0105 us\u0142ugi prze\u0142adunku i zarz\u0105dzania zapasami jako uzupe\u0142nienie transportu i magazynowania.<\/p>\n<p>Jan Timmermans mia\u0142 wizj\u0119 wykraczaj\u0105c\u0105 poza granice kraju. W latach 90. mi\u0119dzy gmin\u0105 Diessen a polskim miastem Rakoniewice nawi\u0105za\u0142y si\u0119 przyjazne stosunki. To sk\u0142oni\u0142o Timmermansa do transportu towar\u00f3w humanitarnych do Polski. Dostrzeg\u0142 w tym szans\u0119 na stworzenie miejsc pracy w Polsce, a jednocze\u015bnie wykorzystanie do\u015bwiadczenia z Holandii do rozpocz\u0119cia nowej dzia\u0142alno\u015bci logistycznej w Polsce. W 1996 roku Timmermans za\u0142o\u017cy\u0142 siostrzan\u0105 firm\u0119 o nazwie Ponetex Logistics (Poland Netherlands Transport Expedition).<\/p>\n<p>Ambicje Jana na tym si\u0119 jednak nie sko\u0144czy\u0142y. Dostrzeg\u0142 tak\u017ce mo\u017cliwo\u015bci stworzenia rozwi\u0105zania dla napi\u0119tej sytuacji na holenderskim rynku pracy. Dlatego w 1999 r. Jan za\u0142o\u017cy\u0142 Axell Employment &#8211; agencj\u0119 pracy tymczasowej, kt\u00f3ra pocz\u0105tkowo koncentrowa\u0142a si\u0119 na dostarczaniu polskich pracownik\u00f3w na stanowiska logistyczne dla jego w\u0142asnej organizacji. Axell pom\u00f3g\u0142 polskim pracownikom osiedli\u0107 si\u0119 w Holandii, oferuj\u0105c im zakwaterowanie i poradnictwo. Wsp\u00f3\u0142praca mi\u0119dzy polskimi i holenderskimi pracownikami okaza\u0142a si\u0119 sukcesem, a agencja tymczasowa rozszerzy\u0142a swoj\u0105 dzia\u0142alno\u015b\u0107, dostarczaj\u0105c wykwalifikowanych pracownik\u00f3w do kilku firm zewn\u0119trznych.<\/p>\n<div class=\"wp-block-media-text alignwide has-media-on-the-right is-stacked-on-mobile is-vertically-aligned-center\">\n<div class=\"wp-block-media-text__content\">\n<p>Przyw\u00f3dztwo i zmys\u0142 przedsi\u0119biorczo\u015bci Jana doprowadzi\u0142y do znacznego wzrostu firmy.<\/p>\n<\/div>\n<figure class=\"wp-block-media-text__media\"><img loading=\"lazy\" decoding=\"async\" width=\"940\" height=\"788\" src=\"https:\/\/axell-group.com\/pl\/wp-content\/uploads\/sites\/3\/2023\/07\/Projekt-bez-nazwy-8-1.png\" alt=\"\" class=\"wp-image-1175 size-full\" srcset=\"https:\/\/axell-group.com\/pl\/wp-content\/uploads\/sites\/3\/2023\/07\/Projekt-bez-nazwy-8-1.png 940w, https:\/\/axell-group.com\/pl\/wp-content\/uploads\/sites\/3\/2023\/07\/Projekt-bez-nazwy-8-1-300x251.png 300w, https:\/\/axell-group.com\/pl\/wp-content\/uploads\/sites\/3\/2023\/07\/Projekt-bez-nazwy-8-1-768x644.png 768w, https:\/\/axell-group.com\/pl\/wp-content\/uploads\/sites\/3\/2023\/07\/Projekt-bez-nazwy-8-1-767x643.png 767w, https:\/\/axell-group.com\/pl\/wp-content\/uploads\/sites\/3\/2023\/07\/Projekt-bez-nazwy-8-1-817x685.png 817w\" sizes=\"auto, (max-width: 940px) 100vw, 940px\" \/><\/figure>\n<\/div>\n<p> Rozw\u00f3j firmy w Polsce mia\u0142 na celu nie tylko stworzenie nowych miejsc pracy, ale tak\u017ce wykorzystanie obiecuj\u0105cego sektora logistycznego w regionie. Ponadto Jan by\u0142 aktywnie zaanga\u017cowany w bran\u017c\u0119, zasiadaj\u0105c w zarz\u0105dzie organizacji Transport and Logistics Netherlands (TLN) i uczestnicz\u0105c w negocjacjach uk\u0142ad\u00f3w zbiorowych pracy.<\/p>\n<p>Wizja i determinacja Jana Timmermansa przekszta\u0142ci\u0142y firm\u0119 w odnosz\u0105c\u0105 sukcesy i szanowan\u0105 firm\u0119 rodzinn\u0105 o silnych fundamentalnych warto\u015bciach. Firma rozszerzy\u0142a swoj\u0105 obecno\u015b\u0107 poza granice kraju i stymulowa\u0142a wzrost w sektorze logistyki.<\/p>\n","protected":false},"excerpt":{"rendered":"<p>Jan Timmermans, lider i wizjoner, odegra\u0142 kluczow\u0105 rol\u0119 w rozwoju rodzinnej firmy i stanowi\u0142 si\u0142\u0119 nap\u0119dow\u0105 dla rozszerzenia dzia\u0142alno\u015bci na rynek polski. Jako drugie pokolenie, Jan stawia\u0142 czo\u0142a wyzwaniom, ale potrafi\u0142 przeprowadzi\u0107 firm\u0119 przez trudne czasy i jednocze\u015bnie wspiera\u0107 jej rozw\u00f3j. Po otrzymaniu tytu\u0142u licencjata w dziedzinie administracji biznesowej, Jan do\u0142\u0105czy\u0142 do firmy, gdzie zdoby\u0142 [&hellip;]<\/p>\n","protected":false},"featured_media":0,"template":"","cat_actual":[48,25,27],"class_list":["post-1172","actual","type-actual","status-publish","hentry","cat_actual-axell-group","cat_actual-axell-logistics","cat_actual-axell-financial-services"],"acf":[],"_links":{"self":[{"href":"https:\/\/axell-group.com\/pl\/wp-json\/wp\/v2\/actual\/1172","targetHints":{"allow":["GET"]}}],"collection":[{"href":"https:\/\/axell-group.com\/pl\/wp-json\/wp\/v2\/actual"}],"about":[{"href":"https:\/\/axell-group.com\/pl\/wp-json\/wp\/v2\/types\/actual"}],"wp:attachment":[{"href":"https:\/\/axell-group.com\/pl\/wp-json\/wp\/v2\/media?parent=1172"}],"wp:term":[{"taxonomy":"cat_actual","embeddable":true,"href":"https:\/\/axell-group.com\/pl\/wp-json\/wp\/v2\/cat_actual?post=1172"}],"curies":[{"name":"wp","href":"https:\/\/api.w.org\/{rel}","templated":true}]}}