{"id":1885,"date":"2023-12-27T19:35:00","date_gmt":"2023-12-27T18:35:00","guid":{"rendered":"https:\/\/axell-group.com\/pl\/?post_type=actual&#038;p=1885"},"modified":"2025-03-06T15:47:45","modified_gmt":"2025-03-06T14:47:45","slug":"refleksja-nad-wyjatkowym-rokiem","status":"publish","type":"actual","link":"https:\/\/axell-group.com\/pl\/aktualnosci\/refleksja-nad-wyjatkowym-rokiem\/","title":{"rendered":"Refleksja nad wyj\u0105tkowym rokiem"},"content":{"rendered":"<\/p>\n<h3 class=\"wp-block-heading has-medium-font-size\"><strong>W minionym roku firma Axell z dum\u0105 obchodzi\u0142a swoje dziewi\u0119\u0107dziesi\u0119ciolecie, okres pe\u0142en innowacji, rozwoju i zaanga\u017cowania<\/strong><\/h3>\n<p>Przez ca\u0142y ubieg\u0142y rok co miesi\u0105c publikowane by\u0142y przegl\u0105dy, kt\u00f3re przypomina\u0142y r\u00f3\u017cne kluczowe momenty z bogatej historii firmy. By\u0142a to doskona\u0142a okazja, by pracownicy i sama firma mogli powr\u00f3ci\u0107 do wa\u017cnych wydarze\u0144, \u015bwi\u0119tuj\u0105c sukcesy, kamienie milowe, ale tak\u017ce doceniaj\u0105c trudniejsze momenty, kt\u00f3re wp\u0142yn\u0119\u0142y na rozw\u00f3j Axell.<\/p>\n<p>Przegl\u0105dy obejmowa\u0142y szeroki wachlarz temat\u00f3w, od zak\u0142adania nowych oddzia\u0142\u00f3w, przez pami\u0119tne wsp\u00f3\u0142prace, a\u017c po wp\u0142yw firmy na lokalne spo\u0142eczno\u015bci. Obchody dziewi\u0119\u0107dziesi\u0119ciu lat Axell to nie tylko historia firmy, ale tak\u017ce \u015bwiadectwo jej elastyczno\u015bci i gotowo\u015bci do zmian, co pozwala jej nieustannie ewoluowa\u0107.<\/p>\n<p>Chocia\u017c minione lata by\u0142y powodem do dumy, Axell z determinacj\u0105 patrzy w przysz\u0142o\u015b\u0107. Opieraj\u0105c si\u0119 na solidnych fundamentach dziewi\u0119ciu dekad sukces\u00f3w, firma z optymizmem spogl\u0105da na kolejny etap swojej podr\u00f3\u017cy, z pe\u0142nym zaanga\u017cowaniem w dalszy rozw\u00f3j, innowacje oraz pozytywny wp\u0142yw na spo\u0142ecze\u0144stwo.<\/p>\n<figure class=\"wp-block-image size-full\"><img loading=\"lazy\" decoding=\"async\" width=\"1024\" height=\"576\" src=\"https:\/\/axell-group.com\/pl\/wp-content\/uploads\/sites\/3\/2023\/12\/Axell-90-Y-Dec-Terugblik-1024x576-2.jpg\" alt=\"\" class=\"wp-image-1890\" srcset=\"https:\/\/axell-group.com\/pl\/wp-content\/uploads\/sites\/3\/2023\/12\/Axell-90-Y-Dec-Terugblik-1024x576-2.jpg 1024w, https:\/\/axell-group.com\/pl\/wp-content\/uploads\/sites\/3\/2023\/12\/Axell-90-Y-Dec-Terugblik-1024x576-2-300x169.jpg 300w, https:\/\/axell-group.com\/pl\/wp-content\/uploads\/sites\/3\/2023\/12\/Axell-90-Y-Dec-Terugblik-1024x576-2-768x432.jpg 768w, https:\/\/axell-group.com\/pl\/wp-content\/uploads\/sites\/3\/2023\/12\/Axell-90-Y-Dec-Terugblik-1024x576-2-767x431.jpg 767w, https:\/\/axell-group.com\/pl\/wp-content\/uploads\/sites\/3\/2023\/12\/Axell-90-Y-Dec-Terugblik-1024x576-2-817x460.jpg 817w\" sizes=\"auto, (max-width: 1024px) 100vw, 1024px\" \/><\/figure>\n<\/p><\/p>\n","protected":false},"excerpt":{"rendered":"<p>W minionym roku firma Axell z dum\u0105 obchodzi\u0142a swoje dziewi\u0119\u0107dziesi\u0119ciolecie, okres pe\u0142en innowacji, rozwoju i zaanga\u017cowania Przez ca\u0142y ubieg\u0142y rok co miesi\u0105c publikowane by\u0142y przegl\u0105dy, kt\u00f3re przypomina\u0142y r\u00f3\u017cne kluczowe momenty z bogatej historii firmy. By\u0142a to doskona\u0142a okazja, by pracownicy i sama firma mogli powr\u00f3ci\u0107 do wa\u017cnych wydarze\u0144, \u015bwi\u0119tuj\u0105c sukcesy, kamienie milowe, ale tak\u017ce doceniaj\u0105c [&hellip;]<\/p>\n","protected":false},"featured_media":1677,"template":"","cat_actual":[48,25],"class_list":["post-1885","actual","type-actual","status-publish","has-post-thumbnail","hentry","cat_actual-axell-group","cat_actual-axell-logistics"],"acf":[],"_links":{"self":[{"href":"https:\/\/axell-group.com\/pl\/wp-json\/wp\/v2\/actual\/1885","targetHints":{"allow":["GET"]}}],"collection":[{"href":"https:\/\/axell-group.com\/pl\/wp-json\/wp\/v2\/actual"}],"about":[{"href":"https:\/\/axell-group.com\/pl\/wp-json\/wp\/v2\/types\/actual"}],"wp:featuredmedia":[{"embeddable":true,"href":"https:\/\/axell-group.com\/pl\/wp-json\/wp\/v2\/media\/1677"}],"wp:attachment":[{"href":"https:\/\/axell-group.com\/pl\/wp-json\/wp\/v2\/media?parent=1885"}],"wp:term":[{"taxonomy":"cat_actual","embeddable":true,"href":"https:\/\/axell-group.com\/pl\/wp-json\/wp\/v2\/cat_actual?post=1885"}],"curies":[{"name":"wp","href":"https:\/\/api.w.org\/{rel}","templated":true}]}}