{"id":1891,"date":"2023-06-08T20:05:00","date_gmt":"2023-06-08T18:05:00","guid":{"rendered":"https:\/\/axell-group.com\/pl\/?post_type=actual&#038;p=1891"},"modified":"2025-05-15T09:19:15","modified_gmt":"2025-05-15T07:19:15","slug":"wspinaczka-na-alpe-dhuez","status":"publish","type":"actual","link":"https:\/\/axell-group.com\/pl\/aktualnosci\/wspinaczka-na-alpe-dhuez\/","title":{"rendered":"Wspinaczka na Alpe d\u2019Huez"},"content":{"rendered":"<p>1 czerwca, w czwartek, Carolien (cz\u0142onkini rodziny Timmermans i wsp\u00f3\u0142w\u0142a\u015bcicielka Axell Group) oraz Dirk wzi\u0119li udzia\u0142 w wydarzeniu Alpe d&#8217;HuZes razem ze swoimi dzie\u0107mi: Fenne, Jobem, Luuke i Samem.<\/p>\n<p>Do\u0142\u0105czy\u0142a do nich inna rodzina, a niekt\u00f3rzy uczestnicy wspinali si\u0119 na g\u00f3r\u0119 pieszo, inni pokonali tras\u0119 na rowerach. W sumie musieli pokona\u0107 16 kilometr\u00f3w w g\u00f3r\u0119, 21 zakr\u0119t\u00f3w i 1100 metr\u00f3w przewy\u017cszenia. Kilka os\u00f3b zdecydowa\u0142o si\u0119 pokona\u0107 tras\u0119 nawet kilkakrotnie!<\/p>\n<p>Celem wydarzenia by\u0142o zbieranie funduszy na Fundusz Kr\u00f3lowej Wilhelminy na rzecz Holenderskiego Towarzystwa Walki z Rakiem, wspieraj\u0105cego badania nad rakiem. W okresie przed Alpe d&#8217;HuZes rodziny organizowa\u0142y r\u00f3\u017cne akcje, by zebra\u0107 \u015brodki na ten cel.<\/p>\n<p>Axell uwa\u017ca, \u017ce wa\u017cne jest r\u00f3wnie\u017c wspieranie dzia\u0142a\u0144 spo\u0142ecznych, dlatego zdecydowa\u0142 si\u0119 sponsorowa\u0107 logotypy na koszulkach uczestnik\u00f3w. Ostatecznie uda\u0142o si\u0119 zebra\u0107 9.273 euro. W tym roku ca\u0142kowita kwota zebrana przez uczestnik\u00f3w wydarzenia przekroczy\u0142a 17 milion\u00f3w euro. To naprawd\u0119 ogromny sukces!<\/p>\n<div class=\"wp-block-image\">\n<figure class=\"aligncenter size-full is-resized\"><img loading=\"lazy\" decoding=\"async\" width=\"683\" height=\"512\" src=\"https:\/\/axell-group.com\/pl\/wp-content\/uploads\/sites\/3\/2025\/03\/Carolien-Dirk-Axell-Group-e1686574554405-edited.jpg\" alt=\"\" class=\"wp-image-1892\" style=\"width:840px;height:auto\" srcset=\"https:\/\/axell-group.com\/pl\/wp-content\/uploads\/sites\/3\/2025\/03\/Carolien-Dirk-Axell-Group-e1686574554405-edited.jpg 683w, https:\/\/axell-group.com\/pl\/wp-content\/uploads\/sites\/3\/2025\/03\/Carolien-Dirk-Axell-Group-e1686574554405-edited-300x225.jpg 300w\" sizes=\"auto, (max-width: 683px) 100vw, 683px\" \/><\/figure>\n<\/div><\/p>\n","protected":false},"excerpt":{"rendered":"<p>1 czerwca, w czwartek, Carolien (cz\u0142onkini rodziny Timmermans i wsp\u00f3\u0142w\u0142a\u015bcicielka Axell Group) oraz Dirk wzi\u0119li udzia\u0142 w wydarzeniu Alpe d&#8217;HuZes razem ze swoimi dzie\u0107mi: Fenne, Jobem, Luuke i Samem. Do\u0142\u0105czy\u0142a do nich inna rodzina, a niekt\u00f3rzy uczestnicy wspinali si\u0119 na g\u00f3r\u0119 pieszo, inni pokonali tras\u0119 na rowerach. W sumie musieli pokona\u0107 16 kilometr\u00f3w w g\u00f3r\u0119, [&hellip;]<\/p>\n","protected":false},"featured_media":1893,"template":"","cat_actual":[48,25],"class_list":["post-1891","actual","type-actual","status-publish","has-post-thumbnail","hentry","cat_actual-axell-group","cat_actual-axell-logistics"],"acf":[],"_links":{"self":[{"href":"https:\/\/axell-group.com\/pl\/wp-json\/wp\/v2\/actual\/1891","targetHints":{"allow":["GET"]}}],"collection":[{"href":"https:\/\/axell-group.com\/pl\/wp-json\/wp\/v2\/actual"}],"about":[{"href":"https:\/\/axell-group.com\/pl\/wp-json\/wp\/v2\/types\/actual"}],"wp:featuredmedia":[{"embeddable":true,"href":"https:\/\/axell-group.com\/pl\/wp-json\/wp\/v2\/media\/1893"}],"wp:attachment":[{"href":"https:\/\/axell-group.com\/pl\/wp-json\/wp\/v2\/media?parent=1891"}],"wp:term":[{"taxonomy":"cat_actual","embeddable":true,"href":"https:\/\/axell-group.com\/pl\/wp-json\/wp\/v2\/cat_actual?post=1891"}],"curies":[{"name":"wp","href":"https:\/\/api.w.org\/{rel}","templated":true}]}}