{"id":1897,"date":"2022-05-05T20:17:00","date_gmt":"2022-05-05T18:17:00","guid":{"rendered":"https:\/\/axell-group.com\/pl\/?post_type=actual&#038;p=1897"},"modified":"2025-03-07T08:42:55","modified_gmt":"2025-03-07T07:42:55","slug":"ogrodnicy-axell-w-centrum-uwagi","status":"publish","type":"actual","link":"https:\/\/axell-group.com\/pl\/aktualnosci\/ogrodnicy-axell-w-centrum-uwagi\/","title":{"rendered":"Ogrodnicy Axell w centrum uwagi"},"content":{"rendered":"<h3 class=\"wp-block-heading\" style=\"font-size:24px\"><strong>To naprawd\u0119 wyj\u0105tkowe! Emerytowani pracownicy, kt\u00f3rzy z rado\u015bci\u0105 kontynuuj\u0105 swoj\u0105 prac\u0119 na rzecz organizacji. Mamy dw\u00f3ch entuzjastycznych emerytowanych kierowc\u00f3w w Holandii, kt\u00f3rzy dbaj\u0105 o ogr\u00f3d i teren Axell.&nbsp;<\/strong>&nbsp;<\/h3>\n<div class=\"wp-block-columns is-layout-flex wp-container-core-columns-is-layout-9d6595d7 wp-block-columns-is-layout-flex\">\n<div class=\"wp-block-column is-layout-flow wp-block-column-is-layout-flow\">\n<p style=\"font-size:22px\">Andr\u00e9 Halters and Ben de Brouwer zawsze cieszyli si\u0119 prac\u0105 w Axell, wcze\u015bniej w Timmermans.<\/p>\n<p style=\"font-size:22px\">Gdy osi\u0105gn\u0119li wiek emerytalny, nie chcieli sp\u0119dza\u0107 czasu w domu. W Axell, przez ponad 15 lat, Wim van Campen i Jan van Eijndhoven dbali o teren i ogr\u00f3d. <\/p>\n<p>Obaj wcze\u015bniej pracowali jako kierowcy w Timmermans, a gdy pojawi\u0142y si\u0119 problemy zdrowotne, Ben i Andr\u00e9 stopniowo przej\u0119li ich obowi\u0105zki.<\/p>\n<\/div>\n<div class=\"wp-block-column is-layout-flow wp-block-column-is-layout-flow\">\n<figure class=\"wp-block-image size-full\"><img loading=\"lazy\" decoding=\"async\" width=\"767\" height=\"864\" src=\"https:\/\/axell-group.com\/pl\/wp-content\/uploads\/sites\/3\/2022\/05\/20220421_114248-2-1-767x864-1.jpg\" alt=\"\" class=\"wp-image-1909\" srcset=\"https:\/\/axell-group.com\/pl\/wp-content\/uploads\/sites\/3\/2022\/05\/20220421_114248-2-1-767x864-1.jpg 767w, https:\/\/axell-group.com\/pl\/wp-content\/uploads\/sites\/3\/2022\/05\/20220421_114248-2-1-767x864-1-266x300.jpg 266w\" sizes=\"auto, (max-width: 767px) 100vw, 767px\" \/><\/figure>\n<\/div>\n<\/div>\n<p style=\"font-size:22px\">\n<p><strong>Podczas wsp\u00f3lnego picia kawy i jedzenia ciasta, panowie opowiedzieli o swojej pracy i zawodowej historii.<\/strong><\/p>\n<p>Andr\u00e9 Halters pracowa\u0142 jako kierowca w\u00f3zka wid\u0142owego w Axell od 1975 do 1985 roku dla Philips Golfkarton. Zajmowa\u0142 si\u0119 wszystkim, co by\u0142o transportowane z wn\u0119trza na zewn\u0105trz, w tym obs\u0142ug\u0105 administracyjn\u0105 \u2013 przygotowywaniem \u0142adunk\u00f3w i dokument\u00f3w. Andr\u00e9 wspomina, jak kiedy\u015b wygl\u0105da\u0142a dokumentacja: \u201ePok\u00f3j pe\u0142en karton\u00f3w, w kt\u00f3rych r\u0119cznie dodawano i odejmowano zapasy.\u201d<\/p>\n<p>Kiedy Philips zacz\u0105\u0142 przenosi\u0107 produkcj\u0119 za granic\u0119, magazyn papieru i tektury m\u00f3g\u0142 znikn\u0105\u0107 z Timmermans w Diessen. Na wszelki wypadek Andr\u00e9 postanowi\u0142 poszuka\u0107 innej pracy, cho\u0107 okaza\u0142o si\u0119 to p\u00f3\u017aniej niepotrzebne. Po 31 latach pracy u innego pracodawcy, Andr\u00e9 wr\u00f3ci\u0142 na emeryturze do Axell, a dzi\u015b od sze\u015bciu lat zn\u00f3w pracuje, zamieniaj\u0105c w\u00f3zek wid\u0142owy na kosiark\u0119.<\/p>\n<p>Ben pracowa\u0142 w Axell znacznie d\u0142u\u017cej ni\u017c Andr\u00e9. Zaczyna\u0142 w Timmermans maj\u0105c 27 lat, jako kierowca mi\u0119dzynarodowy. Wtedy firma mia\u0142a tylko trzy ci\u0119\u017car\u00f3wki je\u017cd\u017c\u0105ce g\u0142\u00f3wnie do Francji. Ben wspomina te czasy: \u201eZ grubym portfelem pe\u0142nym monet, by m\u00f3c zadzwoni\u0107 do domu z budki telefonicznej.\u201d Pracowa\u0142 tak przez dziesi\u0119\u0107 lat, cz\u0119sto wyje\u017cd\u017caj\u0105c z ci\u0119\u017car\u00f3wk\u0105 pe\u0142n\u0105 starego papieru i wracaj\u0105c z sianem. Komfort w kabinie by\u0142 wtedy o wiele gorszy ni\u017c dzisiaj. Gdy by\u0142o zimno, silnik musia\u0142 pracowa\u0107 przez ca\u0142\u0105 noc, a piecyk\u00f3w w ci\u0119\u017car\u00f3wkach wtedy nie znano.<\/p>\n<p>Kiedy w rodzinie De Brouwer\u00f3w pojawi\u0142y si\u0119 dzieci, Ben postanowi\u0142 bli\u017cej zwi\u0105za\u0107 si\u0119 z domem, po latach sp\u0119dzonych na dalekich trasach. W latach 80., kiedy Kwantum sta\u0142 si\u0119 klientem Timmermans, Ben jako pierwszy zg\u0142osi\u0142 si\u0119, by prowadzi\u0107 jedn\u0105 z nowych ci\u0119\u017car\u00f3wek. Od tego momentu bra\u0142 udzia\u0142 w dostawach do sklep\u00f3w detalicznych, nowej specjalno\u015bci Timmermans Transport &amp; Logistics.<\/p>\n<div class=\"wp-block-columns is-layout-flex wp-container-core-columns-is-layout-9d6595d7 wp-block-columns-is-layout-flex\">\n<div class=\"wp-block-column is-layout-flow wp-block-column-is-layout-flow\">\n<figure class=\"wp-block-image size-full\"><img loading=\"lazy\" decoding=\"async\" width=\"1024\" height=\"863\" src=\"https:\/\/axell-group.com\/pl\/wp-content\/uploads\/sites\/3\/2022\/05\/luchtfoto-diessen-23289-08-1024x863-1.jpg\" alt=\"\" class=\"wp-image-1911\" srcset=\"https:\/\/axell-group.com\/pl\/wp-content\/uploads\/sites\/3\/2022\/05\/luchtfoto-diessen-23289-08-1024x863-1.jpg 1024w, https:\/\/axell-group.com\/pl\/wp-content\/uploads\/sites\/3\/2022\/05\/luchtfoto-diessen-23289-08-1024x863-1-300x253.jpg 300w, https:\/\/axell-group.com\/pl\/wp-content\/uploads\/sites\/3\/2022\/05\/luchtfoto-diessen-23289-08-1024x863-1-768x647.jpg 768w, https:\/\/axell-group.com\/pl\/wp-content\/uploads\/sites\/3\/2022\/05\/luchtfoto-diessen-23289-08-1024x863-1-767x646.jpg 767w, https:\/\/axell-group.com\/pl\/wp-content\/uploads\/sites\/3\/2022\/05\/luchtfoto-diessen-23289-08-1024x863-1-817x689.jpg 817w\" sizes=\"auto, (max-width: 1024px) 100vw, 1024px\" \/><\/figure>\n<\/div>\n<div class=\"wp-block-column is-layout-flow wp-block-column-is-layout-flow\">\n<p><strong>Zmniejszenie godzin pracy<\/strong><\/p>\n<p>Od 1980 roku a\u017c do czterech lat temu Ben zawsze pracowa\u0142 wi\u0119cej ni\u017c 50 godzin tygodniowo. Axell zaproponowa\u0142o mu stopniowe przej\u015bcie na emerytur\u0119 zamiast nag\u0142ego zako\u0144czenia pracy. W tym czasie firma szuka\u0142a tak\u017ce ogrodnika, kt\u00f3ry wspar\u0142by Andr\u00e9. Ben uzna\u0142 to za \u015bwietn\u0105 okazj\u0119, by zmniejszy\u0107 liczb\u0119 godzin pracy z 50 do zaledwie 2,5 dnia tygodniowo.<\/p>\n<\/div>\n<\/div>\n<\/p>\n<p><strong>Poranne wstawanie to ju\u017c nawyk<\/strong><\/p>\n<p>Po przej\u015bciu na emerytur\u0119 panowie nie spocz\u0119li na laurach. Opr\u00f3cz pracy w ogrodzie i na terenie Axell w Diessen, dbaj\u0105 r\u00f3wnie\u017c o swoje w\u0142asne ogrody. Ben codziennie o 7:00 rano mo\u017cna spotka\u0107 na basenie, a obaj panowie uwielbiaj\u0105 ogl\u0105da\u0107 sport \u2013 pi\u0142k\u0119 no\u017cn\u0105 i kolarstwo. Ciesz\u0105 si\u0119 tak\u017ce spacerami z \u017conami i opiek\u0105 nad wnukami, kt\u00f3re maj\u0105 raz w tygodniu. Dla najm\u0142odszych czasem trudno zrozumie\u0107, co to znaczy by\u0107 na \u201eemeryturze\u201d. Najm\u0142odszy wnuk Andr\u00e9 zapyta\u0142 go: \u201eDziadku, jeste\u015b na emeryturze, wi\u0119c ju\u017c nie musisz pracowa\u0107, ale teraz idziesz do pracy, prawda?\u201d.<\/p>\n","protected":false},"excerpt":{"rendered":"<p>To naprawd\u0119 wyj\u0105tkowe! Emerytowani pracownicy, kt\u00f3rzy z rado\u015bci\u0105 kontynuuj\u0105 swoj\u0105 prac\u0119 na rzecz organizacji. Mamy dw\u00f3ch entuzjastycznych emerytowanych kierowc\u00f3w w Holandii, kt\u00f3rzy dbaj\u0105 o ogr\u00f3d i teren Axell.&nbsp;&nbsp; Andr\u00e9 Halters and Ben de Brouwer zawsze cieszyli si\u0119 prac\u0105 w Axell, wcze\u015bniej w Timmermans. Gdy osi\u0105gn\u0119li wiek emerytalny, nie chcieli sp\u0119dza\u0107 czasu w domu. W Axell, [&hellip;]<\/p>\n","protected":false},"featured_media":0,"template":"","cat_actual":[48,25],"class_list":["post-1897","actual","type-actual","status-publish","hentry","cat_actual-axell-group","cat_actual-axell-logistics"],"acf":[],"_links":{"self":[{"href":"https:\/\/axell-group.com\/pl\/wp-json\/wp\/v2\/actual\/1897","targetHints":{"allow":["GET"]}}],"collection":[{"href":"https:\/\/axell-group.com\/pl\/wp-json\/wp\/v2\/actual"}],"about":[{"href":"https:\/\/axell-group.com\/pl\/wp-json\/wp\/v2\/types\/actual"}],"wp:attachment":[{"href":"https:\/\/axell-group.com\/pl\/wp-json\/wp\/v2\/media?parent=1897"}],"wp:term":[{"taxonomy":"cat_actual","embeddable":true,"href":"https:\/\/axell-group.com\/pl\/wp-json\/wp\/v2\/cat_actual?post=1897"}],"curies":[{"name":"wp","href":"https:\/\/api.w.org\/{rel}","templated":true}]}}