{"id":1915,"date":"2021-08-04T13:44:00","date_gmt":"2021-08-04T11:44:00","guid":{"rendered":"https:\/\/axell-group.com\/pl\/?post_type=actual&#038;p=1915"},"modified":"2026-04-02T12:18:45","modified_gmt":"2026-04-02T10:18:45","slug":"zrownowazone-paliwo-wolne-od-paliw-kopalnych","status":"publish","type":"actual","link":"https:\/\/axell-group.com\/pl\/aktualnosci\/zrownowazone-paliwo-wolne-od-paliw-kopalnych\/","title":{"rendered":"Wst\u0119p do HVO100"},"content":{"rendered":"<p><strong>Alternatywne, wolne od paliw kopalnych paliwo przyczyni si\u0119 do zmniejszenia \u015bladu w\u0119glowego CO2 dla Axell Logistics Netherlands.<\/strong><\/p>\n<figure class=\"wp-block-image size-full is-resized\"><img loading=\"lazy\" decoding=\"async\" width=\"650\" height=\"436\" src=\"https:\/\/axell-group.com\/pl\/wp-content\/uploads\/sites\/3\/2025\/03\/Axell-Milieu-HVO100.jpg\" alt=\"\" class=\"wp-image-1951\" style=\"width:840px;height:auto\" srcset=\"https:\/\/axell-group.com\/pl\/wp-content\/uploads\/sites\/3\/2025\/03\/Axell-Milieu-HVO100.jpg 650w, https:\/\/axell-group.com\/pl\/wp-content\/uploads\/sites\/3\/2025\/03\/Axell-Milieu-HVO100-300x201.jpg 300w\" sizes=\"auto, (max-width: 650px) 100vw, 650px\" \/><\/figure>\n<p>Diessen, maj 2021 \u2013 Axell Logistics ma ambitny cel w zakresie zr\u00f3wnowa\u017conego rozwoju. Przej\u015bcie na HVO100 to krok, kt\u00f3ry firma wprowadzi\u0142a od 1 maja w celu zmniejszenia emisji CO2. Z redukcj\u0105 emisji CO2 o 89% w por\u00f3wnaniu do tradycyjnego oleju nap\u0119dowego, HVO100 jest logicznym wyborem dla firmy transportowo-logistycznej.<\/p>\n<h3 class=\"wp-block-heading\">Zr\u00f3wnowa\u017cone paliwo wolne od paliw kopalnych jako alternatywa dla Diesla<\/h3>\n<p>HVO100 to praktyczna alternatywa w pe\u0142ni neutralna pod wzgl\u0119dem CO2 dla oleju nap\u0119dowego, produkowana g\u0142\u00f3wnie z odpad\u00f3w ro\u015blinnych, odpad\u00f3w i materia\u0142\u00f3w organicznych. \u201ePostrzegamy ten wyb\u00f3r jako kolejny krok w realizacji zr\u00f3wnowa\u017conego rozwoju, do kt\u00f3rego d\u0105\u017cymy jako firma\u201d \u2013 powiedzia\u0142a Henri\u00ebtte Timmermans, DGA Axell Group.<\/p>\n<p>\u201eW 2020 roku zrobili\u015bmy ju\u017c du\u017cy krok w realizacji naszych cel\u00f3w dotycz\u0105cych bardziej zr\u00f3wnowa\u017conego dzia\u0142ania. Od pocz\u0105tku ubieg\u0142ego roku za pomoc\u0105 oko\u0142o 5000 paneli s\u0142onecznych dostarczamy zar\u00f3wno naszemu przedsi\u0119biorstwu, jak i setkom gospodarstw domowych w regionie energi\u0119 odnawialn\u0105\u201d \u2013 kontynuuje Lennard van de Winkel, Dyrektor Zarz\u0105dzaj\u0105cy Axell Logistics.<\/p>\n<p>Dzi\u0119ki temu przej\u015bciu, Axell Logistics wprowadza cz\u0119\u015b\u0107 swoich ci\u0119\u017car\u00f3wek i samochod\u00f3w dostawczych na HVO100, aby zmniejszy\u0107 emisj\u0119 CO2 o 150 do 200 ton rocznie. Celem jest dalsze zwi\u0119kszenie tej oszcz\u0119dno\u015bci w przysz\u0142o\u015bci.<\/p><\/p>\n","protected":false},"excerpt":{"rendered":"<p>Alternatywne, wolne od paliw kopalnych paliwo przyczyni si\u0119 do zmniejszenia \u015bladu w\u0119glowego CO2 dla Axell Logistics Netherlands. Diessen, maj 2021 \u2013 Axell Logistics ma ambitny cel w zakresie zr\u00f3wnowa\u017conego rozwoju. Przej\u015bcie na HVO100 to krok, kt\u00f3ry firma wprowadzi\u0142a od 1 maja w celu zmniejszenia emisji CO2. Z redukcj\u0105 emisji CO2 o 89% w por\u00f3wnaniu do [&hellip;]<\/p>\n","protected":false},"featured_media":2673,"template":"","cat_actual":[7],"class_list":["post-1915","actual","type-actual","status-publish","has-post-thumbnail","hentry","cat_actual-qhse-news"],"acf":[],"_links":{"self":[{"href":"https:\/\/axell-group.com\/pl\/wp-json\/wp\/v2\/actual\/1915","targetHints":{"allow":["GET"]}}],"collection":[{"href":"https:\/\/axell-group.com\/pl\/wp-json\/wp\/v2\/actual"}],"about":[{"href":"https:\/\/axell-group.com\/pl\/wp-json\/wp\/v2\/types\/actual"}],"wp:featuredmedia":[{"embeddable":true,"href":"https:\/\/axell-group.com\/pl\/wp-json\/wp\/v2\/media\/2673"}],"wp:attachment":[{"href":"https:\/\/axell-group.com\/pl\/wp-json\/wp\/v2\/media?parent=1915"}],"wp:term":[{"taxonomy":"cat_actual","embeddable":true,"href":"https:\/\/axell-group.com\/pl\/wp-json\/wp\/v2\/cat_actual?post=1915"}],"curies":[{"name":"wp","href":"https:\/\/api.w.org\/{rel}","templated":true}]}}