{"id":1920,"date":"2023-04-06T13:05:00","date_gmt":"2023-04-06T11:05:00","guid":{"rendered":"https:\/\/axell-group.com\/pl\/?post_type=actual&#038;p=1920"},"modified":"2026-04-02T12:18:20","modified_gmt":"2026-04-02T10:18:20","slug":"wsparcie-humanitarne-dla-ukrainy","status":"publish","type":"actual","link":"https:\/\/axell-group.com\/pl\/aktualnosci\/wsparcie-humanitarne-dla-ukrainy\/","title":{"rendered":"Wsparcie humanitarne dla Ukrainy"},"content":{"rendered":"<h2 class=\"wp-block-heading\">Jako mi\u0119dzynarodowa organizacja, nie mo\u017cemy by\u0107 oboj\u0119tni na sytuacj\u0119 na \u015bwiecie. Dlatego nie zapomnieli\u015bmy o trwaj\u0105cej wojnie na Ukrainie. Obejmuje to wysy\u0142anie pomocy tym, kt\u00f3rzy jej potrzebuj\u0105.<\/h2>\n<p><strong>Pomoc dla Ukrainy w 2022 roku<\/strong><br \/>Ponad rok temu byli\u015bmy wstrz\u0105\u015bni\u0119ci wojn\u0105 na Ukrainie. Z perspektywy ludzkiej \u2013 ale tak\u017ce dlatego, \u017ce wielu naszych koleg\u00f3w, partner\u00f3w biznesowych i klient\u00f3w ma zwi\u0105zki z Ukrain\u0105 \u2013 nie mogli\u015bmy bezczynnie patrze\u0107. Dlatego do\u0142o\u017cyli\u015bmy wszelkich stara\u0144, aby wspiera\u0107 uchod\u017ac\u00f3w, mieszka\u0144c\u00f3w i \u017co\u0142nierzy w miar\u0119 naszych mo\u017cliwo\u015bci. W zesz\u0142ym roku wys\u0142ali\u015bmy ogromne ilo\u015bci \u017cywno\u015bci, zapas\u00f3w, odzie\u017cy i innych artyku\u0142\u00f3w na Ukrain\u0119. Ale na tym nie poprzestali\u015bmy.<\/p>\n<p><strong>Nasza pomoc dla Ukrainy trwa\u0142a r\u00f3wnie\u017c w 2023 roku.<\/strong><br \/>Niedawno Axell Group (NL i PL) zdecydowa\u0142o si\u0119 zakupi\u0107 generator pr\u0105du i przekaza\u0107 go spo\u0142eczno\u015bciom, kt\u00f3re tego najbardziej potrzebuj\u0105 \u2013 w naszym przypadku lokalnemu szpitalowi. Poniewa\u017c elektryczno\u015b\u0107 jest niezb\u0119dna do przetrwania (zw\u0142aszcza zim\u0105), nasz gest spotka\u0142 si\u0119 z du\u017cym uznaniem ze strony odbiorc\u00f3w. Koszt generatora zosta\u0142 r\u00f3wnomiernie podzielony mi\u0119dzy Polsk\u0119 i Holandi\u0119, a ca\u0142ym projektem ponownie kierowa\u0142a Marzena Wach, Facility Manager w Axell Logistics w Polsce.<\/p>\n<p><strong>S\u0142owa podzi\u0119kowania z Ukrainy<\/strong><br \/>Jako Axell Group otrzymali\u015bmy dokument opisuj\u0105cy wdzi\u0119czno\u015b\u0107 i podkre\u015blaj\u0105cy znaczenie naszej akcji. Dodatkowo otrzymali\u015bmy kr\u00f3tki film wideo, na kt\u00f3rym \u017co\u0142nierze dzi\u0119kuj\u0105 nam osobi\u015bcie.<\/p>\n<div class=\"wp-block-columns is-layout-flex wp-container-core-columns-is-layout-9d6595d7 wp-block-columns-is-layout-flex\">\n<div class=\"wp-block-column is-layout-flow wp-block-column-is-layout-flow\">\n<figure class=\"wp-block-embed\">\n<div class=\"wp-block-embed__wrapper\">\nhttps:\/\/youtube.com\/shorts\/cR4yQuwBtiw?feature=share\n<\/div>\n<\/figure>\n<\/div>\n<\/div><\/p>\n","protected":false},"excerpt":{"rendered":"<p>Jako mi\u0119dzynarodowa organizacja, nie mo\u017cemy by\u0107 oboj\u0119tni na sytuacj\u0119 na \u015bwiecie. Dlatego nie zapomnieli\u015bmy o trwaj\u0105cej wojnie na Ukrainie. Obejmuje to wysy\u0142anie pomocy tym, kt\u00f3rzy jej potrzebuj\u0105. Pomoc dla Ukrainy w 2022 rokuPonad rok temu byli\u015bmy wstrz\u0105\u015bni\u0119ci wojn\u0105 na Ukrainie. Z perspektywy ludzkiej \u2013 ale tak\u017ce dlatego, \u017ce wielu naszych koleg\u00f3w, partner\u00f3w biznesowych i klient\u00f3w [&hellip;]<\/p>\n","protected":false},"featured_media":2753,"template":"","cat_actual":[48,25,7],"class_list":["post-1920","actual","type-actual","status-publish","has-post-thumbnail","hentry","cat_actual-axell-group","cat_actual-axell-logistics","cat_actual-qhse-news"],"acf":[],"_links":{"self":[{"href":"https:\/\/axell-group.com\/pl\/wp-json\/wp\/v2\/actual\/1920","targetHints":{"allow":["GET"]}}],"collection":[{"href":"https:\/\/axell-group.com\/pl\/wp-json\/wp\/v2\/actual"}],"about":[{"href":"https:\/\/axell-group.com\/pl\/wp-json\/wp\/v2\/types\/actual"}],"wp:featuredmedia":[{"embeddable":true,"href":"https:\/\/axell-group.com\/pl\/wp-json\/wp\/v2\/media\/2753"}],"wp:attachment":[{"href":"https:\/\/axell-group.com\/pl\/wp-json\/wp\/v2\/media?parent=1920"}],"wp:term":[{"taxonomy":"cat_actual","embeddable":true,"href":"https:\/\/axell-group.com\/pl\/wp-json\/wp\/v2\/cat_actual?post=1920"}],"curies":[{"name":"wp","href":"https:\/\/api.w.org\/{rel}","templated":true}]}}