{"id":1970,"date":"2023-10-27T09:30:00","date_gmt":"2023-10-27T07:30:00","guid":{"rendered":"https:\/\/axell-group.com\/pl\/?post_type=actual&#038;p=1970"},"modified":"2025-05-13T11:16:14","modified_gmt":"2025-05-13T09:16:14","slug":"portret-henriette-timmermans","status":"publish","type":"actual","link":"https:\/\/axell-group.com\/pl\/aktualnosci\/portret-henriette-timmermans\/","title":{"rendered":"Portret Henri\u00ebtte Timmermans"},"content":{"rendered":"<p>Henri\u00ebtte Timmermans \u2013 Silny filar Grupy Axell<\/p>\n<p>W 2004 roku, po \u015bmierci swojego m\u0119\u017ca Jana Timmermansa, Henri\u00ebtte przej\u0119\u0142a stery rodzinnego biznesu Axell Group. Od tego momentu konsekwentnie pod\u0105\u017ca wyznaczon\u0105 \u015bcie\u017ck\u0105, opieraj\u0105c swoje przyw\u00f3dztwo na kluczowych warto\u015bciach firmy: szacunku, przejrzysto\u015bci, zdecydowaniu, nastawieniu na rozwi\u0105zania oraz przedsi\u0119biorczo\u015bci.<\/p>\n<p>W pierwszych latach swojej dzia\u0142alno\u015bci Henri\u00ebtte g\u0142\u00f3wnie nadzorowa\u0142a codzienne operacje firmy. Z biegiem czasu zacz\u0119\u0142a jednak wywiera\u0107 sw\u00f3j w\u0142asny wp\u0142yw. Wierzy w wykorzystywanie wzajemnej wiedzy i do\u015bwiadczenia, aby rozwija\u0107 si\u0119 w odpowiedzialny spos\u00f3b. Jej przyw\u00f3dztwo cechuje r\u00f3wnie\u017c silne zaanga\u017cowanie w uczciwo\u015b\u0107 i otwarto\u015b\u0107. To w\u0142a\u015bnie te warto\u015bci stawia na pierwszym miejscu, szanuj\u0105c godno\u015b\u0107 ka\u017cdego pracownika i skutecznie prowadz\u0105c firm\u0119 przez trudne okresy.<\/p>\n<p>W 2016 roku, wsp\u00f3lnie z \u00f3wczesnym zarz\u0105dem, po\u0142\u0105czy\u0142a wszystkie jednostki biznesowe pod jedn\u0105 nazw\u0105 \u2013 Axell Group. Nie by\u0142o to jedynie dzia\u0142anie zwi\u0105zane z rebrandingiem, lecz tak\u017ce wyraz jasnej wizji: \u201eWsp\u00f3lnie tworzymy warto\u015b\u0107\u201d. By\u0142o to potwierdzenie jej d\u0105\u017cenia do synergii oraz zaanga\u017cowania w utrzymanie warto\u015bci rodzinnego przedsi\u0119biorstwa.<\/p>\n<p>Chocia\u017c nazwa \u201eTimmermans\u201d znikn\u0119\u0142a z ci\u0119\u017car\u00f3wek i fasad budynk\u00f3w \u2013 co nie by\u0142o \u0142atw\u0105 zmian\u0105 dla wszystkich \u2013 to zwi\u0105zek z przesz\u0142o\u015bci\u0105 pozosta\u0142 \u017cywy. Nazw\u0119 Axell wymy\u015bli\u0142 jej m\u0105\u017c Jan dla dzia\u0142alno\u015bci zwi\u0105zanej z prac\u0105 tymczasow\u0105, a dzi\u015b jest ona powodem do dumy dla ca\u0142ej rodziny. Henri\u00ebtte udowadnia, \u017ce cho\u0107 nazwy mog\u0105 si\u0119 zmienia\u0107, to silne warto\u015bci i oddane przyw\u00f3dztwo zachowuj\u0105 istot\u0119 rodzinnego biznesu.<\/p>\n<p>Liderka #Duma #BiznesRodzinny #SilneWarto\u015bci<\/p>\n<figure class=\"wp-block-embed is-type-video is-provider-youtube wp-block-embed-youtube wp-embed-aspect-16-9 wp-has-aspect-ratio\">\n<div class=\"wp-block-embed__wrapper\">\n<iframe loading=\"lazy\" title=\"Portrait of Henri\u00ebtte Timmermans\" width=\"500\" height=\"281\" src=\"https:\/\/www.youtube.com\/embed\/7IBPmLeM688?feature=oembed\" frameborder=\"0\" allow=\"accelerometer; autoplay; clipboard-write; encrypted-media; gyroscope; picture-in-picture; web-share\" referrerpolicy=\"strict-origin-when-cross-origin\" allowfullscreen><\/iframe>\n<\/div>\n<\/figure>\n","protected":false},"excerpt":{"rendered":"<p>Henri\u00ebtte Timmermans \u2013 Silny filar Grupy Axell W 2004 roku, po \u015bmierci swojego m\u0119\u017ca Jana Timmermansa, Henri\u00ebtte przej\u0119\u0142a stery rodzinnego biznesu Axell Group. Od tego momentu konsekwentnie pod\u0105\u017ca wyznaczon\u0105 \u015bcie\u017ck\u0105, opieraj\u0105c swoje przyw\u00f3dztwo na kluczowych warto\u015bciach firmy: szacunku, przejrzysto\u015bci, zdecydowaniu, nastawieniu na rozwi\u0105zania oraz przedsi\u0119biorczo\u015bci. W pierwszych latach swojej dzia\u0142alno\u015bci Henri\u00ebtte g\u0142\u00f3wnie nadzorowa\u0142a codzienne operacje [&hellip;]<\/p>\n","protected":false},"featured_media":1976,"template":"","cat_actual":[48],"class_list":["post-1970","actual","type-actual","status-publish","has-post-thumbnail","hentry","cat_actual-axell-group"],"acf":[],"_links":{"self":[{"href":"https:\/\/axell-group.com\/pl\/wp-json\/wp\/v2\/actual\/1970","targetHints":{"allow":["GET"]}}],"collection":[{"href":"https:\/\/axell-group.com\/pl\/wp-json\/wp\/v2\/actual"}],"about":[{"href":"https:\/\/axell-group.com\/pl\/wp-json\/wp\/v2\/types\/actual"}],"wp:featuredmedia":[{"embeddable":true,"href":"https:\/\/axell-group.com\/pl\/wp-json\/wp\/v2\/media\/1976"}],"wp:attachment":[{"href":"https:\/\/axell-group.com\/pl\/wp-json\/wp\/v2\/media?parent=1970"}],"wp:term":[{"taxonomy":"cat_actual","embeddable":true,"href":"https:\/\/axell-group.com\/pl\/wp-json\/wp\/v2\/cat_actual?post=1970"}],"curies":[{"name":"wp","href":"https:\/\/api.w.org\/{rel}","templated":true}]}}