{"id":1979,"date":"2023-06-18T09:00:00","date_gmt":"2023-06-18T07:00:00","guid":{"rendered":"https:\/\/axell-group.com\/pl\/?post_type=actual&#038;p=1979"},"modified":"2025-03-13T14:23:59","modified_gmt":"2025-03-13T13:23:59","slug":"dzien-ojca-ojciec-i-syn-na-zdjeciu","status":"publish","type":"actual","link":"https:\/\/axell-group.com\/pl\/aktualnosci\/dzien-ojca-ojciec-i-syn-na-zdjeciu\/","title":{"rendered":"Dzie\u0144 Ojca: Ojciec i syn na zdj\u0119ciu"},"content":{"rendered":"<p><strong>Ronald i Ivo, ojciec i syn, pracuj\u0105 jako kierowcy w Axell Logistics. Ivo to ju\u017c trzecie pokolenie w rodzinie, poniewa\u017c jego dziadek, Adrie, r\u00f3wnie\u017c by\u0142 zwi\u0105zany z firm\u0105. Z okazji Dnia Ojca przeprowadzili\u015bmy z nimi specjaln\u0105 rozmow\u0119.<\/strong><\/p>\n<p>Ronald urodzi\u0142 si\u0119 w Rotterdamie w 1967 roku. W 1970 roku przeprowadzi\u0142 si\u0119 z rodzicami do Etten-Leur, gdzie jego ojciec rozpocz\u0105\u0142 prac\u0119 w firmie transportowej In \u2018t Veld. Podobnie jak Timmermans, firma ta koncentrowa\u0142a si\u0119 w tamtym czasie na sektorze papierniczym. W 1993 roku dosz\u0142o do przej\u0119cia In \u2018t Veld, a Ronald od ponad pi\u0119ciu lat pracowa\u0142 tam ju\u017c ze swoim ojcem \u2013 on jako kierowca, a jego ojciec w magazynie. Niestety, w 1996 roku jego ojciec zmar\u0142.<\/p>\n<p>Ronald zawsze powtarza\u0142 swoim dzieciom \u2013 tak jak jego ojciec powtarza\u0142 jemu \u2013 \u017ce powinny mie\u0107 wi\u0119ksze ambicje ni\u017c on. Jednak zar\u00f3wno w przypadku Ronalda, jak i Ivo, rzeczywisto\u015b\u0107 potoczy\u0142a si\u0119 inaczej. Transport by\u0142 po prostu cz\u0119\u015bci\u0105 ich \u017cycia. W dzieci\u0144stwie Ronald je\u017adzi\u0142 w trasy razem ze swoim ojcem, a p\u00f3\u017aniej Ivo robi\u0142 to samo z Ronaldem. Dlatego naturalnym wyborem dla Ivo (21) by\u0142a praca w Axell. Ju\u017c jako dziecko mia\u0142 lusterka przy swoim gokarcie z przyczep\u0105, pod\u0142\u0105cza\u0142 \u201eprzewody powietrzne\u201d i \u0107wiczy\u0142 cofanie oraz manewrowanie we wszystkich zau\u0142kach wok\u00f3\u0142 domu.<\/p>\n<p>Ronald m\u00f3wi, \u017ce widzi w Ivo wiele z siebie \u2013 spos\u00f3b bycia, podej\u015bcie do pracy, determinacj\u0119 \u2013 po prostu wszystko. Tylko \u017ce Ivo wygl\u0105da troch\u0119 m\u0142odziej. \ud83d\ude09 Obecnie Ivo pracuje w Axell od 4,5 roku. Rozpocz\u0105\u0142 jako praktykant, a od dw\u00f3ch lat jest zatrudniony na sta\u0142e.<\/p>\n<figure class=\"wp-block-image size-full\"><img loading=\"lazy\" decoding=\"async\" width=\"960\" height=\"540\" src=\"https:\/\/axell-group.com\/pl\/wp-content\/uploads\/sites\/3\/2025\/03\/Facebook-post8-1.png\" alt=\"\" class=\"wp-image-1981\" srcset=\"https:\/\/axell-group.com\/pl\/wp-content\/uploads\/sites\/3\/2025\/03\/Facebook-post8-1.png 960w, https:\/\/axell-group.com\/pl\/wp-content\/uploads\/sites\/3\/2025\/03\/Facebook-post8-1-300x169.png 300w, https:\/\/axell-group.com\/pl\/wp-content\/uploads\/sites\/3\/2025\/03\/Facebook-post8-1-768x432.png 768w, https:\/\/axell-group.com\/pl\/wp-content\/uploads\/sites\/3\/2025\/03\/Facebook-post8-1-767x431.png 767w, https:\/\/axell-group.com\/pl\/wp-content\/uploads\/sites\/3\/2025\/03\/Facebook-post8-1-817x460.png 817w\" sizes=\"auto, (max-width: 960px) 100vw, 960px\" \/><\/figure>\n<p>G\u0142\u00f3wnym powodem, dla kt\u00f3rego pracuj\u0105 w Axell, jest poczucie przynale\u017cno\u015bci do rodziny. W tej firmie nie s\u0105 tylko numerem, na przyk\u0142ad \u201esamoch\u00f3d 274\u201d, s\u0105 nazywani po imieniu. To odczuwaj\u0105 bardzo mocno. In \u2018t Veld r\u00f3wnie\u017c by\u0142o firm\u0105 rodzinn\u0105, a Ronald nadal utrzymuje kontakt z poprzednim pracodawc\u0105. Mia\u0142 tam mo\u017cliwo\u015b\u0107 robi\u0107 to, co zawsze chcia\u0142, a po przej\u0119ciu nic si\u0119 w tej kwestii nie zmieni\u0142o. Jako dziecko, Ronald przychodzi\u0142 do firmy, poniewa\u017c jego ojciec tam pracowa\u0142. Przez 26 lat widzia\u0142 wszystko. Firma wydaje mu si\u0119 znajoma, zna wszystkich i wszyscy znaj\u0105 jego. Ivo trafi\u0142 do tego w ten sam spos\u00f3b. Dla Ivo jego ojciec i dziadek s\u0105 najwi\u0119ksz\u0105 inspiracj\u0105, mimo \u017ce nigdy nie pozna\u0142 swojego dziadka. Podkre\u015bla, \u017ce nie ma innej firmy, w kt\u00f3rej chcia\u0142by pracowa\u0107.<\/p>\n<p>Oczywi\u015bcie, przez lata wiele si\u0119 zmieni\u0142o. Zamiast tylko transportu tektury, teraz Axell Logistics wsp\u00f3\u0142pracuje z takimi firmami jak Kwantum, Bijenkorf i Riho. Cho\u0107 ich miejsce pracy to Etten-Leur, Ronald i Ivo s\u0105 dobrze znani w\u015br\u00f3d wi\u0119kszo\u015bci swoich koleg\u00f3w, tak\u017ce w Diessen. Ponownie podkre\u015blaj\u0105 wa\u017cne warto\u015bci, kt\u00f3re s\u0105 obecne w firmie i kt\u00f3re czuj\u0105 si\u0119 jak w rodzinie \u2013 bycie dla siebie nawzajem i robienie czego\u015b dla drugiego cz\u0142owieka. Nawet po zako\u0144czeniu pracy, \u0142atwo mog\u0105 zosta\u0107 na kolejne 2 godziny, aby pom\u00f3c innym kolegom.<\/p>\n<p>Jednym z najlepszych wsp\u00f3lnych moment\u00f3w, kt\u00f3re prze\u017cyli w Axell, by\u0142o do\u015bwiadczenie, kt\u00f3re zdarza si\u0119 raz w \u017cyciu. Ivo jecha\u0142 w stron\u0119 Rotterdamu, Ronald w stron\u0119 Tilburga. Obaj jechali swoimi samochodami. Zjechali zjazdem do Etten-Leur i spotkali si\u0119 tam, nie wiedz\u0105c o sobie nawzajem. Jechali obok siebie, spojrzeli w g\u00f3r\u0119 i zobaczyli si\u0119. Poczucie dumy ogarn\u0119\u0142o ich obu. Duma z siebie nawzajem, z tego, co osi\u0105gn\u0119li i co robi\u0105. Dodatkowo Ivo podkre\u015bla, \u017ce jest dumny, b\u0119d\u0105c jedn\u0105 z \u201etwarzy\u201d Axell. W nowej kampanii rekrutacyjnej jest jednym z jej g\u0142\u00f3wnych przedstawicieli, jego twarz jest wsz\u0119dzie.<\/p>\n<p>Na koniec Ronald dodaje, \u017ce trzeba wierzy\u0107 w siebie i nie przestawa\u0107 pod\u0105\u017ca\u0107 za swoimi marzeniami. Nale\u017cy pozostawi\u0107 wszystkim ich warto\u015bci, by\u0107 lojalnym i traktowa\u0107 ka\u017cdego jak rodzin\u0119. To najwa\u017cniejsze.<\/p>\n","protected":false},"excerpt":{"rendered":"<p>Ronald i Ivo, ojciec i syn, pracuj\u0105 jako kierowcy w Axell Logistics. Ivo to ju\u017c trzecie pokolenie w rodzinie, poniewa\u017c jego dziadek, Adrie, r\u00f3wnie\u017c by\u0142 zwi\u0105zany z firm\u0105. Z okazji Dnia Ojca przeprowadzili\u015bmy z nimi specjaln\u0105 rozmow\u0119. Ronald urodzi\u0142 si\u0119 w Rotterdamie w 1967 roku. W 1970 roku przeprowadzi\u0142 si\u0119 z rodzicami do Etten-Leur, gdzie [&hellip;]<\/p>\n","protected":false},"featured_media":1980,"template":"","cat_actual":[48,25],"class_list":["post-1979","actual","type-actual","status-publish","has-post-thumbnail","hentry","cat_actual-axell-group","cat_actual-axell-logistics"],"acf":[],"_links":{"self":[{"href":"https:\/\/axell-group.com\/pl\/wp-json\/wp\/v2\/actual\/1979","targetHints":{"allow":["GET"]}}],"collection":[{"href":"https:\/\/axell-group.com\/pl\/wp-json\/wp\/v2\/actual"}],"about":[{"href":"https:\/\/axell-group.com\/pl\/wp-json\/wp\/v2\/types\/actual"}],"wp:featuredmedia":[{"embeddable":true,"href":"https:\/\/axell-group.com\/pl\/wp-json\/wp\/v2\/media\/1980"}],"wp:attachment":[{"href":"https:\/\/axell-group.com\/pl\/wp-json\/wp\/v2\/media?parent=1979"}],"wp:term":[{"taxonomy":"cat_actual","embeddable":true,"href":"https:\/\/axell-group.com\/pl\/wp-json\/wp\/v2\/cat_actual?post=1979"}],"curies":[{"name":"wp","href":"https:\/\/api.w.org\/{rel}","templated":true}]}}