{"id":2227,"date":"2022-05-16T15:19:00","date_gmt":"2022-05-16T13:19:00","guid":{"rendered":"https:\/\/axell-group.com\/pl\/?post_type=actual&#038;p=2227"},"modified":"2025-07-30T15:41:38","modified_gmt":"2025-07-30T13:41:38","slug":"bogata-historia-siedziby-glownej-axell","status":"publish","type":"actual","link":"https:\/\/axell-group.com\/pl\/aktualnosci\/bogata-historia-siedziby-glownej-axell\/","title":{"rendered":"Bogata historia siedziby g\u0142\u00f3wnej Axell"},"content":{"rendered":"<p><strong>W maju 2022 roku \u2013 dok\u0142adnie 20 lat p\u00f3\u017aniej \u2013 obchodzili\u015bmy rocznic\u0119 po\u0142o\u017cenia pierwszego kamienia pod nasz\u0105 wyj\u0105tkow\u0105 siedzib\u0119 g\u0142\u00f3wn\u0105 Axell w Diessen.<\/strong><\/p>\n<div class=\"wp-block-columns align-v-center is-layout-flex wp-container-core-columns-is-layout-9d6595d7 wp-block-columns-is-layout-flex\">\n<div class=\"wp-block-column is-layout-flow wp-block-column-is-layout-flow\">\n<p style=\"font-size:25px\">Historia firmy Timmermans\u00f3w si\u0119ga prawie 90 lat wstecz. Wszystko zacz\u0119\u0142o si\u0119 w 1933 roku \u2013 w tylnym pokoju kawiarni <strong>Kerkzicht<\/strong> przy ulicy <strong>Heuvelstraat<\/strong> w Diessen.<\/p>\n<\/div>\n<div class=\"wp-block-column is-layout-flow wp-block-column-is-layout-flow\">\n<figure class=\"wp-block-image size-full\"><img decoding=\"async\" src=\"https:\/\/axell-group.com\/wp-content\/uploads\/2022\/05\/Cafe-Kerkzicht-Diessen.jpg\" alt=\"\" class=\"wp-image-1316\"\/><\/figure>\n<\/div>\n<\/div>\n<p><strong>Od Heuvelstraat do Julianastraat<br \/><\/strong>W 1952 roku Jo i To Timmermans przenie\u015bli si\u0119 na adres <strong>Julianastraat 1<\/strong> w Diessen. Na dzia\u0142ce znajdowa\u0142 si\u0119 dom mieszkalny, biuro oraz magazyn z wag\u0105 samochodow\u0105. Dzi\u0119ki dokupieniu s\u0105siednich teren\u00f3w rolnych, mo\u017cliwa sta\u0142a si\u0119 dalsza rozbudowa \u2013 powsta\u0142y kolejne magazyny.Pocz\u0105tkowo firma funkcjonowa\u0142a w prostym, otwartym budynku s\u0142u\u017c\u0105cym do sk\u0142adowania siana i s\u0142omy. W nowej lokalizacji na Julianastraat firma Timmermans\u00f3w zacz\u0119\u0142a rozwija\u0107 si\u0119 w kierunku handlu paszami, a p\u00f3\u017aniej papierem. Gdy popyt w tych segmentach mala\u0142, firma skupi\u0142a si\u0119 na magazynowaniu i transporcie \u2013 co da\u0142o pocz\u0105tek obecnej dzia\u0142alno\u015bci logistycznej.<\/p>\n<div class=\"wp-block-columns is-layout-flex wp-container-core-columns-is-layout-9d6595d7 wp-block-columns-is-layout-flex\">\n<div class=\"wp-block-column is-layout-flow wp-block-column-is-layout-flow\">\n<figure class=\"wp-block-image size-full is-resized\"><img decoding=\"async\" src=\"https:\/\/axell-group.com\/wp-content\/uploads\/2022\/05\/Woonhuis-kantoor-loodsen-Julianastraat-1-Diessen.jpg\" alt=\"\" class=\"wp-image-1318\" style=\"width:327px;height:245px\"\/><\/figure>\n<\/div>\n<div class=\"wp-block-column is-layout-flow wp-block-column-is-layout-flow\">\n<figure class=\"wp-block-image size-full\"><img decoding=\"async\" src=\"https:\/\/axell-group.com\/wp-content\/uploads\/2022\/05\/Woonhuis-Timmermans-Julianastraat-1-Diessen.jpg\" alt=\"\" class=\"wp-image-1319\"\/><\/figure>\n<\/div>\n<\/div>\n<p>W <strong>1980 roku<\/strong> firm\u0119 przej\u0105\u0142 <strong>Jan Timmermans<\/strong>, syn Jo Timmermansa. Rodzice wycofali si\u0119 z codziennego zarz\u0105dzania, wi\u0119c Jan przeprowadzi\u0142 si\u0119 z rodzin\u0105 do domu przy Julianastraat i przej\u0105\u0142 pe\u0142n\u0105 odpowiedzialno\u015b\u0107 za firm\u0119.<\/p>\n<p>Wraz z rozwojem organizacji zmienia\u0142a si\u0119 dzia\u0142alno\u015b\u0107 \u2013 od handlu s\u0142om\u0105 i papierem, ku przechowywaniu i transportowi rolek papieru i tektury falistej \u2013 g\u0142\u00f3wnie dla firmy <strong>Philips<\/strong>. Inwestycje sz\u0142y w parze ze wzrostem zatrudnienia. Dwie trzecie magazynu przylegaj\u0105cego do biura zosta\u0142o przekszta\u0142cone na dodatkow\u0105 powierzchni\u0119 biurow\u0105.<\/p>\n<figure class=\"wp-block-image size-full is-resized\"><img decoding=\"async\" src=\"https:\/\/axell-group.com\/wp-content\/uploads\/2022\/05\/1989-december-1-1-1.jpg\" alt=\"\" class=\"wp-image-1323\" style=\"width:951px;height:398px\"\/><\/figure>\n<p>Po przej\u0119ciu firmy <strong>In \u2019t Veld<\/strong> w Etten-Leur (1993), uruchomieniu <strong>Ponetexu<\/strong> w Rakoniewicach (1996) oraz rozpocz\u0119ciu dzia\u0142alno\u015bci <strong>Axell Employment<\/strong> (1999), wzros\u0142a r\u00f3wnie\u017c liczba pracownik\u00f3w \u2013 g\u0142\u00f3wnie w Diessen. Cz\u0119\u015b\u0107 przestrzeni nad kantyn\u0105 przy Julianastraat zacz\u0119\u0142a pe\u0142ni\u0107 funkcj\u0119 planowania transport\u00f3w, a pracownicy agencji zatrudnienia tymczasowo pracowali z domu mieszkalnego obok biura.<\/p>\n<div class=\"wp-block-columns is-layout-flex wp-container-core-columns-is-layout-9d6595d7 wp-block-columns-is-layout-flex\">\n<div class=\"wp-block-column is-layout-flow wp-block-column-is-layout-flow\" style=\"flex-basis:66.66%\">\n<figure class=\"wp-block-image size-full\"><img decoding=\"async\" src=\"https:\/\/axell-group.com\/wp-content\/uploads\/2022\/05\/Uitzendbureau-Axell-Julianastraat-Diessen.jpg\" alt=\"\" class=\"wp-image-1324\"\/><\/figure>\n<\/div>\n<div class=\"wp-block-column is-layout-flow wp-block-column-is-layout-flow\" style=\"flex-basis:33.33%\">\n<p>Wkr\u00f3tce sta\u0142o si\u0119 jasne, \u017ce dotychczasowe biuro jest za ma\u0142e. To w\u0142a\u015bnie wtedy <strong>Jan Timmermans<\/strong> zdecydowa\u0142 o budowie nowej siedziby.<\/p>\n<\/div>\n<\/div>\n<p>Nowa siedziba <strong>Axell przy De Buskes 14 w Diessen<\/strong> nie przypomina standardowego budynku biurowego. Wygl\u0105d i atmosfera budynku by\u0142y efektem wsp\u00f3lnej wizji Jana i Henri\u00ebtte:\u201eNie chcieli\u015bmy zwyk\u0142ego biura. Zale\u017ca\u0142o nam na przestrzeni pe\u0142nej \u015bwiat\u0142a dziennego, z du\u017cymi oknami, otwart\u0105 struktur\u0105 i poczuciem blisko\u015bci z natur\u0105.\u201d<\/p>\n<p>Aby znale\u017a\u0107 inspiracj\u0119, <strong>Jan i Henri\u00ebtte wyruszyli w tras\u0119 po okolicy<\/strong>. W ko\u0144cu trafili na nowy projekt deweloperski, w kt\u00f3rym jeden z dom\u00f3w sta\u0142 si\u0119 inspiracj\u0105 dla przysz\u0142ej siedziby firmy. Architekt otrzyma\u0142 zadanie prze\u0142o\u017cenia projektu tego domu na funkcjonalny budynek biurowy.<\/p>\n<p>Budowa nie przebiega\u0142a bez przeszk\u00f3d. Po problemach z fundamentami inwestycj\u0119 wstrzymano w 2000 roku. Ostatecznie budynek zosta\u0142 oddany do u\u017cytku w <strong>2002 roku<\/strong>, a pracownicy mogli rozpocz\u0105\u0107 prac\u0119 w nowej \u2013 i bardzo wyj\u0105tkowej \u2013 przestrzeni biurowej.<\/p>\n<div class=\"wp-block-columns is-layout-flex wp-container-core-columns-is-layout-9d6595d7 wp-block-columns-is-layout-flex\">\n<div class=\"wp-block-column is-layout-flow wp-block-column-is-layout-flow\">\n<figure class=\"wp-block-image size-full\"><img decoding=\"async\" src=\"https:\/\/axell-group.com\/wp-content\/uploads\/2022\/05\/Hoofdkantoor-Diessen-De-Buskes-14-2002-mrt.jpg\" alt=\"\" class=\"wp-image-1325\"\/><\/figure>\n<\/div>\n<div class=\"wp-block-column is-layout-flow wp-block-column-is-layout-flow\">\n<figure class=\"wp-block-image size-full\"><img decoding=\"async\" src=\"https:\/\/axell-group.com\/wp-content\/uploads\/2022\/05\/Hoofdkantoor-Diessen-De-Buskes-14-2002.jpg\" alt=\"\" class=\"wp-image-1326\"\/><\/figure>\n<\/div>\n<div class=\"wp-block-column is-layout-flow wp-block-column-is-layout-flow\">\n<figure class=\"wp-block-image size-full\"><img decoding=\"async\" src=\"https:\/\/axell-group.com\/wp-content\/uploads\/2022\/05\/Hoofdkantoor-Diessen-De-Buskes-14-2001.jpg\" alt=\"\" class=\"wp-image-1327\"\/><\/figure>\n<\/div>\n<\/div>\n<p>Dzi\u015b, 20 lat p\u00f3\u017aniej, klienci i partnerzy wci\u0105\u017c doceniaj\u0105 wyj\u0105tkow\u0105 atmosfer\u0119 budynku oraz jego otoczenia. Pi\u0119knie zaprojektowany i zadbany ogr\u00f3d sprawia, \u017ce biuro pozostaje przyjaznym i inspiruj\u0105cym miejscem pracy. Ciekawi Ci\u0119, jak dbamy o nasz ogr\u00f3d? Sprawd\u017a nasz artyku\u0142 o <strong><a href=\"https:\/\/axell-group.com\/pl\/aktualnosci\/ogrodnicy-axell-w-centrum-uwagi\/\">ogrodzie Axell<\/a><\/strong>!<\/p>\n<p><\/p>\n","protected":false},"excerpt":{"rendered":"<p>W maju 2022 roku \u2013 dok\u0142adnie 20 lat p\u00f3\u017aniej \u2013 obchodzili\u015bmy rocznic\u0119 po\u0142o\u017cenia pierwszego kamienia pod nasz\u0105 wyj\u0105tkow\u0105 siedzib\u0119 g\u0142\u00f3wn\u0105 Axell w Diessen. Historia firmy Timmermans\u00f3w si\u0119ga prawie 90 lat wstecz. Wszystko zacz\u0119\u0142o si\u0119 w 1933 roku \u2013 w tylnym pokoju kawiarni Kerkzicht przy ulicy Heuvelstraat w Diessen. Od Heuvelstraat do JulianastraatW 1952 roku Jo [&hellip;]<\/p>\n","protected":false},"featured_media":2228,"template":"","cat_actual":[48],"class_list":["post-2227","actual","type-actual","status-publish","has-post-thumbnail","hentry","cat_actual-axell-group"],"acf":[],"_links":{"self":[{"href":"https:\/\/axell-group.com\/pl\/wp-json\/wp\/v2\/actual\/2227","targetHints":{"allow":["GET"]}}],"collection":[{"href":"https:\/\/axell-group.com\/pl\/wp-json\/wp\/v2\/actual"}],"about":[{"href":"https:\/\/axell-group.com\/pl\/wp-json\/wp\/v2\/types\/actual"}],"wp:featuredmedia":[{"embeddable":true,"href":"https:\/\/axell-group.com\/pl\/wp-json\/wp\/v2\/media\/2228"}],"wp:attachment":[{"href":"https:\/\/axell-group.com\/pl\/wp-json\/wp\/v2\/media?parent=2227"}],"wp:term":[{"taxonomy":"cat_actual","embeddable":true,"href":"https:\/\/axell-group.com\/pl\/wp-json\/wp\/v2\/cat_actual?post=2227"}],"curies":[{"name":"wp","href":"https:\/\/api.w.org\/{rel}","templated":true}]}}