{"id":2256,"date":"2023-06-05T12:07:00","date_gmt":"2023-06-05T10:07:00","guid":{"rendered":"https:\/\/axell-group.com\/pl\/?post_type=actual&#038;p=2256"},"modified":"2025-07-31T13:11:38","modified_gmt":"2025-07-31T11:11:38","slug":"dzien-bezpieczenstwa-ruchu-drogowego","status":"publish","type":"actual","link":"https:\/\/axell-group.com\/pl\/aktualnosci\/dzien-bezpieczenstwa-ruchu-drogowego\/","title":{"rendered":"Dzie\u0144 Bezpiecze\u0144stwa Ruchu Drogowego"},"content":{"rendered":"<p>W Axell bezpiecze\u0144stwo to bardzo wa\u017cny temat, dlatego ch\u0119tnie dok\u0142adamy swoj\u0105 cegie\u0142k\u0119. W miniony pi\u0105tek Axell wzi\u0105\u0142 udzia\u0142 w <strong>Dniu Bezpiecze\u0144stwa Ruchu Drogowego<\/strong> w Oirschot.<\/p>\n<p>Uczniowie klas \u00f3smych z lokalnych szk\u00f3\u0142 podstawowych (De Fonkeling, De Korenbloem i De Linde) mieli okazj\u0119 pozna\u0107 zagro\u017cenia zwi\u0105zane z <strong>martwym polem widzenia w ci\u0119\u017car\u00f3wkach<\/strong>. Zosta\u0142o to pokazane zar\u00f3wno przy u\u017cyciu stoj\u0105cego pojazdu, jak i poprzez przeja\u017cd\u017ck\u0119 ci\u0119\u017car\u00f3wk\u0105 \u2013 dzieci mog\u0142y same zobaczy\u0107 w lusterkach, \u017ce w niekt\u00f3rych miejscach rowerzysta ca\u0142kowicie znika z pola widzenia. Dla tej grupy wiekowej to bardzo wa\u017cna lekcja, poniewa\u017c cz\u0119sto nie zdaj\u0105 sobie sprawy, jak ograniczona jest widoczno\u015b\u0107 z kabiny kierowcy.<\/p>\n<p>Z my\u015bl\u0105 o bezpiecze\u0144stwie, nasz nowy <strong>DAF XF<\/strong> zosta\u0142 wyposa\u017cony w <strong>okno martwego pola<\/strong> oraz <strong>kamer\u0119<\/strong>.<\/p>\n<p>\u017byczymy wszystkim dzieciom wielu bezpiecznych kilometr\u00f3w na rowerze!<\/p>\n<figure class=\"wp-block-image size-full\"><img decoding=\"async\" src=\"https:\/\/axell-group.com\/wp-content\/uploads\/2023\/06\/Veiligheidsdag.png\" alt=\"\" class=\"wp-image-1573\"\/><\/figure>\n","protected":false},"excerpt":{"rendered":"<p>W Axell bezpiecze\u0144stwo to bardzo wa\u017cny temat, dlatego ch\u0119tnie dok\u0142adamy swoj\u0105 cegie\u0142k\u0119. W miniony pi\u0105tek Axell wzi\u0105\u0142 udzia\u0142 w Dniu Bezpiecze\u0144stwa Ruchu Drogowego w Oirschot. Uczniowie klas \u00f3smych z lokalnych szk\u00f3\u0142 podstawowych (De Fonkeling, De Korenbloem i De Linde) mieli okazj\u0119 pozna\u0107 zagro\u017cenia zwi\u0105zane z martwym polem widzenia w ci\u0119\u017car\u00f3wkach. Zosta\u0142o to pokazane zar\u00f3wno przy [&hellip;]<\/p>\n","protected":false},"featured_media":2257,"template":"","cat_actual":[48,25],"class_list":["post-2256","actual","type-actual","status-publish","has-post-thumbnail","hentry","cat_actual-axell-group","cat_actual-axell-logistics"],"acf":[],"_links":{"self":[{"href":"https:\/\/axell-group.com\/pl\/wp-json\/wp\/v2\/actual\/2256","targetHints":{"allow":["GET"]}}],"collection":[{"href":"https:\/\/axell-group.com\/pl\/wp-json\/wp\/v2\/actual"}],"about":[{"href":"https:\/\/axell-group.com\/pl\/wp-json\/wp\/v2\/types\/actual"}],"wp:featuredmedia":[{"embeddable":true,"href":"https:\/\/axell-group.com\/pl\/wp-json\/wp\/v2\/media\/2257"}],"wp:attachment":[{"href":"https:\/\/axell-group.com\/pl\/wp-json\/wp\/v2\/media?parent=2256"}],"wp:term":[{"taxonomy":"cat_actual","embeddable":true,"href":"https:\/\/axell-group.com\/pl\/wp-json\/wp\/v2\/cat_actual?post=2256"}],"curies":[{"name":"wp","href":"https:\/\/api.w.org\/{rel}","templated":true}]}}