{"id":2349,"date":"2025-10-29T13:19:00","date_gmt":"2025-10-29T12:19:00","guid":{"rendered":"https:\/\/axell-group.com\/pl\/?post_type=actual&#038;p=2349"},"modified":"2025-10-30T09:44:44","modified_gmt":"2025-10-30T08:44:44","slug":"jak-axell-logistics-pomaga-utrzymac-plynnosc-lancucha-dostaw-w-sezonie-szczytowym-2025","status":"publish","type":"actual","link":"https:\/\/axell-group.com\/pl\/aktualnosci\/jak-axell-logistics-pomaga-utrzymac-plynnosc-lancucha-dostaw-w-sezonie-szczytowym-2025\/","title":{"rendered":"Sezon szczytowy 2025: Jak Axell Logistics pomaga utrzyma\u0107 p\u0142ynno\u015b\u0107 \u0142a\u0144cucha dostaw"},"content":{"rendered":"<p class=\"wp-block-heading\"><strong>Od Black Friday, przez \u015awi\u0119ta Bo\u017cego Narodzenia, a\u017c po styczniowe wyprzeda\u017ce, ostatnie miesi\u0105ce roku to dla wielu firm czas najwi\u0119kszej aktywno\u015bci. W bran\u017cach takich jak handel detaliczny, e-commerce i FMCG ten okres mo\u017ce stanowi\u0107 nawet 30 &#8211; 40% rocznych przychod\u00f3w.<\/strong><\/p>\n<p><strong>Sezon szczytowy 2025<\/strong> oznacza nie tylko wi\u0119ksze zapotrzebowanie na transport, ale r\u00f3wnie\u017c rosn\u0105c\u0105 presj\u0119 na <strong>magazynowanie<\/strong>, <strong>dystrybucj\u0119<\/strong> i <strong>niezawodno\u015b\u0107 dostaw<\/strong>.<\/p>\n<p>Dzi\u0119ki ponad 90-letniemu do\u015bwiadczeniu <strong>Axell Logistics<\/strong> wie, \u017ce kluczem do sukcesu w tym okresie s\u0105: <strong>planowanie, elastyczno\u015b\u0107 i wsp\u00f3\u0142praca.<\/strong><\/p>\n<\/p>\n<h2 class=\"wp-block-heading\"><strong>Inteligentne rozwi\u0105zania magazynowe i fulfilment<\/strong><\/h2>\n<p>Rosn\u0105ce zapotrzebowanie na przestrze\u0144 magazynow\u0105 wynika przede wszystkim z rozwoju <strong data-start=\"1187\" data-end=\"1215\"><a href=\"https:\/\/axell-group.com\/pl\/sektory\/handel-detaliczny\/\">sprzeda\u017cy wielokana\u0142owej<\/a><\/strong> oraz <strong data-start=\"1221\" data-end=\"1248\">dynamicznego<a href=\"https:\/\/axell-group.com\/pl\/magazynowanie\/uslugi-fulfillment\/\"> e-commerce<\/a><\/strong>. Axell odpowiada na te potrzeby, oferuj\u0105c <strong>elastyczne us\u0142ugi magazynowe<\/strong> w Holandii i Polsce, w strategicznych lokalizacjach m.in. w Tilburg, Etten-Leur i Pozna\u0144.<\/p>\n<p>Nasze us\u0142ugi magazynowe obejmuj\u0105:<\/p>\n<ul class=\"wp-block-list\">\n<li><strong><strong> <a href=\"https:\/\/axell-group.com\/pl\/magazynowanie\/\">Magazynowanie<\/a><\/strong> <\/strong>k<strong>r\u00f3tkoterminowe i d\u0142ugoterminowe<\/strong> w obiektach z certyfikatami ISO 9001 i IFS Logistics<\/li>\n<li><strong><a href=\"https:\/\/axell-group.com\/pl\/magazynowanie\/value-added-services\/\">Us\u0142ugi o warto\u015bci dodanej<\/a> (VAS) <\/strong>dzia\u0142ania dodatkowe, takie jak <strong>przepakowywanie, etykietowanie, monta\u017c lub kontrola jako\u015bci<\/strong><\/li>\n<li>Zarz\u0105dzanie zapasami w czasie rzeczywistym i integracja z systemami ERP klient\u00f3w<\/li>\n<li><strong><a href=\"https:\/\/axell-group.com\/pl\/magazynowanie\/cross-dock\/\">Cross-dock<\/a><\/strong> zapewniaj\u0105cy efektywny przep\u0142yw towar\u00f3w i kr\u00f3tsze czasy realizacji.<\/li>\n<\/ul>\n<p>Dzi\u0119ki temu nasi klienci mog\u0105 skutecznie zarz\u0105dza\u0107 zapasami i sprosta\u0107 wzmo\u017conemu popytowi &#8211; bez utraty jako\u015bci ani kontroli.<\/p>\n<figure class=\"wp-block-image size-large\"><img loading=\"lazy\" decoding=\"async\" width=\"1024\" height=\"589\" src=\"https:\/\/axell-group.com\/pl\/wp-content\/uploads\/sites\/3\/2025\/10\/Untitled-design-1-1024x589.jpg\" alt=\"Seasonality warehouse axell logistics logo i\" class=\"wp-image-2353\" srcset=\"https:\/\/axell-group.com\/pl\/wp-content\/uploads\/sites\/3\/2025\/10\/Untitled-design-1-1024x589.jpg 1024w, https:\/\/axell-group.com\/pl\/wp-content\/uploads\/sites\/3\/2025\/10\/Untitled-design-1-300x173.jpg 300w, https:\/\/axell-group.com\/pl\/wp-content\/uploads\/sites\/3\/2025\/10\/Untitled-design-1-768x442.jpg 768w, https:\/\/axell-group.com\/pl\/wp-content\/uploads\/sites\/3\/2025\/10\/Untitled-design-1-767x441.jpg 767w, https:\/\/axell-group.com\/pl\/wp-content\/uploads\/sites\/3\/2025\/10\/Untitled-design-1-817x470.jpg 817w, https:\/\/axell-group.com\/pl\/wp-content\/uploads\/sites\/3\/2025\/10\/Untitled-design-1.jpg 1500w\" sizes=\"auto, (max-width: 1024px) 100vw, 1024px\" \/><\/figure>\n<h2 class=\"wp-block-heading\"><strong>Od Transportu Drobnicowego Po Transport Mi\u0119dzynarodowy &#8211; skalowalna dystrybucja w ca\u0142ej Europie<\/strong><\/h2>\n<p>W szczycie sezonu sieci dystrybucyjne staj\u0105 si\u0119 bardziej z\u0142o\u017cone ni\u017c kiedykolwiek. Detali\u015bci i firmy e-commerce oczekuj\u0105 szybszych dostaw przy jednoczesnym wzro\u015bcie koszt\u00f3w transportu i ograniczonej dost\u0119pno\u015bci floty.<\/p>\n<p>Axell Logistics oferuje <strong>kompleksowe rozwi\u0105zania <a href=\"https:\/\/axell-group.com\/pl\/transport\/\">transportowe<\/a><\/strong> &#8211; od<strong> <\/strong><a href=\"https:\/\/axell-group.com\/pl\/transport\/transport-drobnicowy\/\"><strong>transportu drobnicowego<\/strong> <\/a>i <strong><a href=\"https:\/\/axell-group.com\/pl\/dystrybucja\/\">dystrybucji<\/a><\/strong> po <a href=\"https:\/\/axell-group.com\/pl\/transport-miedzynarodowy\/\"><strong>mi\u0119dzynarodowy transport drogowy<\/strong>. <\/a>Dzi\u0119ki temu firmy w ca\u0142ej Europie mog\u0105 zachowa\u0107 <strong>elastyczno\u015b\u0107 i niezawodno\u015b\u0107 dostaw<\/strong> nawet w najbardziej wymagaj\u0105cych momentach roku.<\/p>\n<p>Nasze mocne strony:<\/p>\n<ul class=\"wp-block-list\">\n<li><strong>Codzienne po\u0142\u0105czenia grupowe<\/strong> mi\u0119dzy Holandi\u0105, Belgi\u0105 i Polsk\u0105<\/li>\n<li><strong>W\u0142asna flota i do\u015bwiadczeni kierowcy<\/strong>, wspierani przez sprawdzonych partner\u00f3w w ca\u0142ej Europie<\/li>\n<li><strong>Optymalizacja tras<\/strong> z naciskiem na terminowo\u015b\u0107 i zr\u00f3wnowa\u017cony rozw\u00f3j<\/li>\n<\/ul>\n<p>Nawet przy gwa\u0142townym wzro\u015bcie popytu Twoje dostawy pozostaj\u0105 na czas.<\/p>\n<h2 class=\"wp-block-heading\"><strong>Zr\u00f3wnowa\u017cony rozw\u00f3j i Innowacje &#8211; Standard Axell<\/strong><\/h2>\n<p>W 2025 roku <a href=\"https:\/\/axell-group.com\/pl\/o-nas\/qhse\/\">zr\u00f3wnowa\u017cony rozw\u00f3j<\/a> to ju\u017c nie trend, ale konieczno\u015b\u0107.<br \/>W Axell \u0142\u0105czymy <strong>efektywn\u0105 logistyk\u0119<\/strong> z <strong>odpowiedzialnym podej\u015bciem<\/strong> &#8211; od pojazd\u00f3w Euro 6 zasilanych <strong>biopaliwem HVO100<\/strong>, po <strong>energooszcz\u0119dne magazyny<\/strong> z instalacjami solarnymi.<\/p>\n<p>Wdra\u017camy monitorowanie \u015bladu w\u0119glowego (CO\u2082) w naszym systemie TMS i aktywnie d\u0105\u017cymy do zgodno\u015bci z dyrektyw\u0105 CSRD, aby zapewni\u0107 klientom pe\u0142n\u0105 przejrzysto\u015b\u0107 i mierzalne efekty dzia\u0142a\u0144 na rzecz zr\u00f3wnowa\u017conego rozwoju. <\/p>\n<p>Nasze nieustanne inwestycje w digitalizacj\u0119 i analityk\u0119 danych umo\u017cliwiaj\u0105 naszym klientom podejmowanie szybszych i trafniejszych decyzji w celu optymalizacji ich \u0142a\u0144cuch\u00f3w dostaw.<\/p>\n<h2 class=\"wp-block-heading\"><strong>Gotowi na szczyt sezonu &#8211; Razem z Axell Logistics<\/strong><\/h2>\n<p>Okresy wzmo\u017conego popytu to wyzwanie dla ka\u017cdego \u0142a\u0144cucha dostaw, ale z odpowiednim partnerem presja zamienia si\u0119 w wydajno\u015b\u0107. Niezale\u017cnie od tego, czy chodzi o <strong>magazynowanie<\/strong>, <strong>dystrybucj\u0119<\/strong>, czy <strong>transport mi\u0119dzynarodowy<\/strong>, Axell Logistics oferuje skalowalne i niezawodne rozwi\u0105zania, kt\u00f3re dostosowuj\u0105 si\u0119 do Twoich potrzeb.<\/p>\n<p>Razem utrzymujemy Tw\u00f3j \u0142a\u0144cuch dostaw w ruchu, efektywnie, transparentnie i z gotowo\u015bci\u0105 na rozw\u00f3j.<\/p>\n<p class=\"wp-block-heading\"><strong><a href=\"https:\/\/axell-group.com\/pl\/uslugi\/\">Dowiedz si\u0119, jak mo\u017cemy wesprze\u0107 Tw\u00f3j biznes<\/a><\/strong><\/p>\n<p><strong>Chcesz dowiedzie\u0107 si\u0119 wi\u0119cej o naszych us\u0142ugach?&nbsp;<\/strong><a href=\"https:\/\/axell-group.com\/pl\/formularza-kontaktowego\/\">Skontaktuj si\u0119 z nami ju\u017c dzi\u015b!<\/a><\/p>\n<p>B\u0105d\u017a na bie\u017c\u0105co z <strong><a href=\"https:\/\/www.linkedin.com\/company\/axell-logistics\/\" target=\"_blank\" rel=\"noopener\">Axell Logistics<\/a><\/strong> \u2013 obserwuj nas na LinkedIn i odwiedzaj nasz\u0105 <a href=\"https:\/\/axell-group.com\/pl\/\">stron\u0119<\/a>.<\/p>\n<figure class=\"wp-block-image size-full is-resized\"><img loading=\"lazy\" decoding=\"async\" width=\"1000\" height=\"750\" src=\"https:\/\/axell-group.com\/pl\/wp-content\/uploads\/sites\/3\/2025\/10\/4.png\" alt=\"Logo Axell Logistics w sezonie szczytowym \u2013 niezawodny partner logistyczny w transporcie, dystrybucji i magazynowaniu.\" class=\"wp-image-2340\" style=\"width:445px;height:auto\" srcset=\"https:\/\/axell-group.com\/pl\/wp-content\/uploads\/sites\/3\/2025\/10\/4.png 1000w, https:\/\/axell-group.com\/pl\/wp-content\/uploads\/sites\/3\/2025\/10\/4-300x225.png 300w, https:\/\/axell-group.com\/pl\/wp-content\/uploads\/sites\/3\/2025\/10\/4-768x576.png 768w, https:\/\/axell-group.com\/pl\/wp-content\/uploads\/sites\/3\/2025\/10\/4-767x575.png 767w, https:\/\/axell-group.com\/pl\/wp-content\/uploads\/sites\/3\/2025\/10\/4-817x613.png 817w\" sizes=\"auto, (max-width: 1000px) 100vw, 1000px\" \/><\/figure>\n","protected":false},"excerpt":{"rendered":"<p>Od Black Friday, przez \u015awi\u0119ta Bo\u017cego Narodzenia, a\u017c po styczniowe wyprzeda\u017ce, ostatnie miesi\u0105ce roku to dla wielu firm czas najwi\u0119kszej aktywno\u015bci. W bran\u017cach takich jak handel detaliczny, e-commerce i FMCG ten okres mo\u017ce stanowi\u0107 nawet 30 &#8211; 40% rocznych przychod\u00f3w. Sezon szczytowy 2025 oznacza nie tylko wi\u0119ksze zapotrzebowanie na transport, ale r\u00f3wnie\u017c rosn\u0105c\u0105 presj\u0119 na [&hellip;]<\/p>\n","protected":false},"featured_media":2353,"template":"","cat_actual":[48,25],"class_list":["post-2349","actual","type-actual","status-publish","has-post-thumbnail","hentry","cat_actual-axell-group","cat_actual-axell-logistics"],"acf":[],"_links":{"self":[{"href":"https:\/\/axell-group.com\/pl\/wp-json\/wp\/v2\/actual\/2349","targetHints":{"allow":["GET"]}}],"collection":[{"href":"https:\/\/axell-group.com\/pl\/wp-json\/wp\/v2\/actual"}],"about":[{"href":"https:\/\/axell-group.com\/pl\/wp-json\/wp\/v2\/types\/actual"}],"wp:featuredmedia":[{"embeddable":true,"href":"https:\/\/axell-group.com\/pl\/wp-json\/wp\/v2\/media\/2353"}],"wp:attachment":[{"href":"https:\/\/axell-group.com\/pl\/wp-json\/wp\/v2\/media?parent=2349"}],"wp:term":[{"taxonomy":"cat_actual","embeddable":true,"href":"https:\/\/axell-group.com\/pl\/wp-json\/wp\/v2\/cat_actual?post=2349"}],"curies":[{"name":"wp","href":"https:\/\/api.w.org\/{rel}","templated":true}]}}