{"id":2463,"date":"2025-11-28T11:24:09","date_gmt":"2025-11-28T10:24:09","guid":{"rendered":"https:\/\/axell-group.com\/pl\/?post_type=actual&#038;p=2463"},"modified":"2025-12-02T08:34:31","modified_gmt":"2025-12-02T07:34:31","slug":"godziny-otwarcia-i-informacje-serwisowe-w-okresie-swiatecznym-2025-2026","status":"publish","type":"actual","link":"https:\/\/axell-group.com\/pl\/aktualnosci\/godziny-otwarcia-i-informacje-serwisowe-w-okresie-swiatecznym-2025-2026\/","title":{"rendered":"Godziny otwarcia i informacje serwisowe \u2013 okres \u015bwi\u0105teczny 2025\u20132026"},"content":{"rendered":"<div class=\"wp-block-group\">\n<div class=\"wp-block-group__inner-container is-layout-flow wp-block-group-is-layout-flow\">\n<ul class=\"wp-block-list\">\n<li><\/li>\n<\/ul>\n<\/div>\n<\/div>\n<p>Zbli\u017ca si\u0119 okres \u015bwi\u0105teczny, a to oznacza wzmo\u017cony ruch w bran\u017cy logistycznej. Aby r\u00f3wnie\u017c w tym czasie zapewni\u0107 Pa\u0144stwu jak najlepsz\u0105 obs\u0142ug\u0119, poni\u017cej przedstawiamy harmonogram operacyjny naszych l<strong>okalizacji Axell w Holandii i Polsce <\/strong>na okres \u015bwi\u0105teczny.<\/p>\n<p>Dzi\u0119ki tym tymczasowym zmianom mo\u017cemy optymalnie dostosowa\u0107 dost\u0119pno\u015b\u0107 us\u0142ug transportowych, magazynowych oraz obs\u0142ugi klienta do Pa\u0144stwa potrzeb.<\/p>\n<h2 class=\"wp-block-heading\">Przegl\u0105d harmonogramu \u015bwi\u0105tecznego 2025-2026<\/h2>\n<p>Te godziny otwarcia i ograniczenia serwisowe dotycz\u0105 naszych centr\u00f3w logistycznych, magazyn\u00f3w i biur w:<\/p>\n<h3 class=\"wp-block-heading\">Axell Logistics Holandia<\/h3>\n<h4 class=\"wp-block-heading\">Diessen, Tilburg, Etten-Leur<\/h4>\n<div class=\"wp-block-columns is-layout-flex wp-container-core-columns-is-layout-9d6595d7 wp-block-columns-is-layout-flex\">\n<div class=\"wp-block-column is-layout-flow wp-block-column-is-layout-flow\">\n<figure class=\"wp-block-table\">\n<table class=\"has-fixed-layout\">\n<tbody>\n<tr>\n<td class=\"has-text-align-center\" data-align=\"center\"><strong>Data<\/strong><\/td>\n<td class=\"has-text-align-center\" data-align=\"center\"><strong>Dost\u0119pno\u015b\u0107 us\u0142ug<\/strong><\/td>\n<td class=\"has-text-align-center\" data-align=\"center\"><strong>Godziny pracy obs\u0142ugi klienta<\/strong><\/td>\n<\/tr>\n<tr>\n<td class=\"has-text-align-center\" data-align=\"center\">22 grudnia 2025<\/td>\n<td class=\"has-text-align-center\" data-align=\"center\">Normalna obs\u0142uga<\/td>\n<td class=\"has-text-align-center\" data-align=\"center\">08:00 \u2013 17:00<\/td>\n<\/tr>\n<tr>\n<td class=\"has-text-align-center\" data-align=\"center\">23 grudnia 2025<\/td>\n<td class=\"has-text-align-center\" data-align=\"center\">Normalna obs\u0142uga<\/td>\n<td class=\"has-text-align-center\" data-align=\"center\">08:00 \u2013 17:00<\/td>\n<\/tr>\n<tr>\n<td class=\"has-text-align-center\" data-align=\"center\">24 grudnia 2025<\/td>\n<td class=\"has-text-align-center\" data-align=\"center\">Obs\u0142uga z ograniczeniami*<\/td>\n<td class=\"has-text-align-center\" data-align=\"center\">08:00 \u2013 15:00<\/td>\n<\/tr>\n<tr>\n<td class=\"has-text-align-center\" data-align=\"center\">25 grudnia 2025<\/td>\n<td class=\"has-text-align-center\" data-align=\"center\">Brak obs\u0142ugi<\/td>\n<td class=\"has-text-align-center\" data-align=\"center\">Zamkni\u0119te<\/td>\n<\/tr>\n<tr>\n<td class=\"has-text-align-center\" data-align=\"center\">26 grudnia 2025<\/td>\n<td class=\"has-text-align-center\" data-align=\"center\">Brak obs\u0142ugi<\/td>\n<td class=\"has-text-align-center\" data-align=\"center\">Zamkni\u0119te<\/td>\n<\/tr>\n<tr>\n<td class=\"has-text-align-center\" data-align=\"center\">27 grudnia 2025<\/td>\n<td class=\"has-text-align-center\" data-align=\"center\">Normalna obs\u0142uga<\/td>\n<td class=\"has-text-align-center\" data-align=\"center\">08:00 \u2013 17:00<\/td>\n<\/tr>\n<tr>\n<td class=\"has-text-align-center\" data-align=\"center\">28 grudnia 2025<\/td>\n<td class=\"has-text-align-center\" data-align=\"center\">Normalna obs\u0142uga<\/td>\n<td class=\"has-text-align-center\" data-align=\"center\">08:00 \u2013 17:00<\/td>\n<\/tr>\n<tr>\n<td class=\"has-text-align-center\" data-align=\"center\">29 grudnia 2025<\/td>\n<td class=\"has-text-align-center\" data-align=\"center\">Normalna obs\u0142uga<\/td>\n<td class=\"has-text-align-center\" data-align=\"center\">08:00 \u2013 17:00<\/td>\n<\/tr>\n<tr>\n<td class=\"has-text-align-center\" data-align=\"center\">30 grudnia 2025<\/td>\n<td class=\"has-text-align-center\" data-align=\"center\">Normalna obs\u0142uga<\/td>\n<td class=\"has-text-align-center\" data-align=\"center\">08:00 \u2013 17:00<\/td>\n<\/tr>\n<tr>\n<td class=\"has-text-align-center\" data-align=\"center\">31 grudnia 2025<\/td>\n<td class=\"has-text-align-center\" data-align=\"center\">Obs\u0142uga z ograniczeniami*<\/td>\n<td class=\"has-text-align-center\" data-align=\"center\">08:00 \u2013 15:00<\/td>\n<\/tr>\n<tr>\n<td class=\"has-text-align-center\" data-align=\"center\">1 stycznia 2026<\/td>\n<td class=\"has-text-align-center\" data-align=\"center\">Brak obs\u0142ugi<\/td>\n<td class=\"has-text-align-center\" data-align=\"center\">Zamkni\u0119te<\/td>\n<\/tr>\n<tr>\n<td class=\"has-text-align-center\" data-align=\"center\">2 stycznia 2026<\/td>\n<td class=\"has-text-align-center\" data-align=\"center\">Obs\u0142uga z ograniczeniami*<\/td>\n<td class=\"has-text-align-center\" data-align=\"center\">08:00 \u2013 17:00<\/td>\n<\/tr>\n<\/tbody>\n<\/table>\n<\/figure>\n<\/div>\n<\/div>\n<p>*Podczas \u201eobs\u0142ugi z ograniczeniami\u201d:<br \/>\u2013 Standardowe dostawy i odbiory realizowane s\u0105 do godziny 15:30.<br \/>\u2013 Prosimy upewni\u0107 si\u0119, \u017ce Pa\u0144stwa przesy\u0142ki b\u0119d\u0105 gotowe dla naszych kierowc\u00f3w najp\u00f3\u017aniej do godziny 14:00.<\/p>\n<h3 class=\"wp-block-heading\">Axell Logistics Polska<\/h3>\n<h4 class=\"wp-block-heading\">Warszawa, Teresin, Skierniewice, Gliwice, \u0141yszkowice**, Rakoniewice, Nowy Tomy\u015bl<\/h4>\n<figure class=\"wp-block-table\">\n<table class=\"has-fixed-layout\">\n<tbody>\n<tr>\n<td class=\"has-text-align-center\" data-align=\"center\"><strong>Data<\/strong><\/td>\n<td class=\"has-text-align-center\" data-align=\"center\"><strong>Dost\u0119pno\u015b\u0107 us\u0142ug<\/strong><\/td>\n<td class=\"has-text-align-center\" data-align=\"center\"><strong>Godziny pracy obs\u0142ugi klienta<\/strong><\/td>\n<\/tr>\n<tr>\n<td class=\"has-text-align-center\" data-align=\"center\">22 grudnia 2025<\/td>\n<td class=\"has-text-align-center\" data-align=\"center\">Normalna obs\u0142uga<\/td>\n<td class=\"has-text-align-center\" data-align=\"center\">08:00 \u2013 16:00<\/td>\n<\/tr>\n<tr>\n<td class=\"has-text-align-center\" data-align=\"center\">23 grudnia 2025<\/td>\n<td class=\"has-text-align-center\" data-align=\"center\">Normalna obs\u0142uga<\/td>\n<td class=\"has-text-align-center\" data-align=\"center\">08:00 \u2013 16:00<\/td>\n<\/tr>\n<tr>\n<td class=\"has-text-align-center\" data-align=\"center\">24 grudnia 2025<\/td>\n<td class=\"has-text-align-center\" data-align=\"center\">Brak obs\u0142ugi<\/td>\n<td class=\"has-text-align-center\" data-align=\"center\">Zamkni\u0119te<\/td>\n<\/tr>\n<tr>\n<td class=\"has-text-align-center\" data-align=\"center\">25 grudnia 2025<\/td>\n<td class=\"has-text-align-center\" data-align=\"center\">Brak obs\u0142ugi<\/td>\n<td class=\"has-text-align-center\" data-align=\"center\">Zamkni\u0119te<\/td>\n<\/tr>\n<tr>\n<td class=\"has-text-align-center\" data-align=\"center\">26 grudnia 2025<\/td>\n<td class=\"has-text-align-center\" data-align=\"center\">Brak obs\u0142ugi<\/td>\n<td class=\"has-text-align-center\" data-align=\"center\">Zamkni\u0119te<\/td>\n<\/tr>\n<tr>\n<td class=\"has-text-align-center\" data-align=\"center\">27 grudnia 2025<\/td>\n<td class=\"has-text-align-center\" data-align=\"center\">Brak obs\u0142ugi<\/td>\n<td class=\"has-text-align-center\" data-align=\"center\">Zamkni\u0119te<\/td>\n<\/tr>\n<tr>\n<td class=\"has-text-align-center\" data-align=\"center\">28 grudnia 2025<\/td>\n<td class=\"has-text-align-center\" data-align=\"center\">Brak obs\u0142ugi<\/td>\n<td class=\"has-text-align-center\" data-align=\"center\">Zamkni\u0119te<\/td>\n<\/tr>\n<tr>\n<td class=\"has-text-align-center\" data-align=\"center\">29 grudnia 2025<\/td>\n<td class=\"has-text-align-center\" data-align=\"center\">Normalna obs\u0142uga<\/td>\n<td class=\"has-text-align-center\" data-align=\"center\">08:00 \u2013 16:00<\/td>\n<\/tr>\n<tr>\n<td class=\"has-text-align-center\" data-align=\"center\">30 grudnia 2025<\/td>\n<td class=\"has-text-align-center\" data-align=\"center\">Normalna obs\u0142uga<\/td>\n<td class=\"has-text-align-center\" data-align=\"center\">08:00 \u2013 16:00<\/td>\n<\/tr>\n<tr>\n<td class=\"has-text-align-center\" data-align=\"center\">31 grudnia 2025<\/td>\n<td class=\"has-text-align-center\" data-align=\"center\">Obs\u0142uga z ograniczeniami*<\/td>\n<td class=\"has-text-align-center\" data-align=\"center\">&#8211;<\/td>\n<\/tr>\n<tr>\n<td class=\"has-text-align-center\" data-align=\"center\">1 stycznia 2026<\/td>\n<td class=\"has-text-align-center\" data-align=\"center\">Brak obs\u0142ugi<\/td>\n<td class=\"has-text-align-center\" data-align=\"center\">Zamkni\u0119te<\/td>\n<\/tr>\n<tr>\n<td class=\"has-text-align-center\" data-align=\"center\">2 stycznia 2026<\/td>\n<td class=\"has-text-align-center\" data-align=\"center\">Obs\u0142uga z ograniczeniami*<\/td>\n<td class=\"has-text-align-center\" data-align=\"center\">08:00 \u2013 16:00<\/td>\n<\/tr>\n<\/tbody>\n<\/table>\n<\/figure>\n<p>* Podczas \u201eobs\u0142ugi z ograniczeniami\u201d:<br \/>\u2013 Standardowe dostawy i odbiory realizowane s\u0105 do godziny 15:30.<br \/>\u2013 Prosimy upewni\u0107 si\u0119, \u017ce Pa\u0144stwa przesy\u0142ki b\u0119d\u0105 gotowe dla naszych kierowc\u00f3w najp\u00f3\u017aniej do godziny 14:00.<br \/>** 2 stycznia biuro obs\u0142ugi klienta w \u0141yszkowicach jest czynne do godziny 14:00. We wszystkie pozosta\u0142e dni, z wyj\u0105tkiem dni \u015bwi\u0105tecznych, biuro obs\u0142ugi klienta jest otwarte do godziny 21:00.<\/p>\n<h2 class=\"wp-block-heading\">Wa\u017cne informacje dotycz\u0105ce wysy\u0142ek<\/h2>\n<p>W okresie ko\u0144coworocznym prosimy o przygotowywanie przesy\u0142ek co najmniej godzin\u0119 wcze\u015bniej ni\u017c zwykle. Dzi\u0119ki temu mo\u017cemy sprawnie obs\u0142u\u017cy\u0107 zwi\u0119kszone obci\u0105\u017cenie operacyjne i dostarczy\u0107 Pa\u0144stwa towary na czas.<\/p>\n<h2 class=\"wp-block-heading\">Kontakt w okresie \u015bwi\u0105tecznym<\/h2>\n<p>Nasz zesp\u00f3\u0142 obs\u0142ugi klienta jest do Pa\u0144stwa dyspozycji w godzinach podanych powy\u017cej.<br \/>W przypadku pilnych spraw zalecamy kontakt mailowy lub telefoniczny z Pa\u0144stwa account managerem lub z odpowiedni\u0105 lokalizacj\u0105.<\/p>\n<h4 class=\"wp-block-heading\"><strong>Holandia<\/strong><\/h4>\n<p>Obs\u0142uga Klienta \u2013 Magazyn:<a> <a href=\"mailto:cse.logistics@axell.nl\">cse.logistics@axell.nl<\/a><\/a><br \/>Obs\u0142uga Klienta \u2013 Transport:<a><a href=\"mailto:support.logistics@axell.nl\">support.logistics@axell.nl<\/a><\/a><br \/>Telefon: poprzez numer telefonu wskazany w Pa\u0144stwa umowie lub SLA.<\/p>\n<h4 class=\"wp-block-heading\"><strong>Polska<\/strong><\/h4>\n<p>Obs\u0142uga Klienta Skierniewice \u2013 Axell Logistics: <a><a href=\"mailto:dok.sk.logistics@axell.pl\">dok.sk.logistics@axell.pl<\/a><\/a><br \/>Obs\u0142uga Klienta Teresin \u2013 Axell Logistics:<a> <a href=\"mailto:dok.tr.logistics@axell.pl\">dok.tr.logistics@axell.pl<\/a><\/a><br \/>Obs\u0142uga Klienta Rakoniewice \u2013 Axell Logistics:<a> <a href=\"mailto:dok.ra.logistics@axell.pl\">dok.ra.logistics@axell.pl<\/a><\/a><br \/>Obs\u0142uga Klienta Gliwice \u2013 Axell Logistics:<a> <a href=\"mailto:dok.gl.logistics@axell.pl\">dok.gl.logistics@axell.pl<\/a><\/a><br \/>Obs\u0142uga Klienta \u0141yszkowice \u2013 Axell Logistics:<a> <a href=\"mailto:dok.lyszkowice@axell.pl\">dok.lyszkowice@axell.pl<\/a><\/a><br \/>Krajowa spedycja \u2013 Axell Logistics:<a> <a href=\"mailto:dok.spedycja.krajowa@axell.pl\" target=\"_blank\" rel=\"noreferrer noopener\">dok.spedycja.krajowa@axell.pl<\/a><\/a><\/p>\n<p>Czy Pa\u0144stwa lokalizacja lub umowa zawiera indywidualne ustalenia? Opiekun z Axell Logistics przeka\u017ce je z odpowiednim wyprzedzeniem. Pe\u0142ne <a href=\"https:\/\/axell-group.com\/pl\/kontakt\/\">dane kontaktowe<\/a> dost\u0119pne s\u0105 r\u00f3wnie\u017c na naszej stronie internetowej.<\/p>\n<h2 class=\"wp-block-heading\">\u017byczymy Pa\u0144stwu Weso\u0142ych \u015awi\u0105t!<\/h2>\n<p>W imieniu wszystkich zespo\u0142\u00f3w w Niderlandach i w Polsce dzi\u0119kujemy Pa\u0144stwu za zaufanie w mijaj\u0105cym roku. Z rado\u015bci\u0105 b\u0119dziemy kontynuowa\u0107 wsp\u00f3\u0142prac\u0119 w 2026, realizuj\u0105c razem skuteczne i skalowalne rozwi\u0105zania dla Pa\u0144stwa \u0142a\u0144cucha dostaw.<\/p>\n<p>Zapraszamy <a href=\"https:\/\/axell-group.com\/pl\/wesolych-swiat-od-axell\/\">do obejrzenia naszej osobistej \u015bwi\u0105tecznej wiadomo\u015bci wideo<\/a> przygotowanej specjalnie dla Was.<\/p>\n<figure class=\"wp-block-image size-full\"><img loading=\"lazy\" decoding=\"async\" width=\"2560\" height=\"1707\" src=\"https:\/\/axell-group.com\/pl\/wp-content\/uploads\/sites\/3\/2025\/11\/Bureau33_Axell_gifts_LR-2-scaled.jpg\" alt=\"\" class=\"wp-image-2467\" srcset=\"https:\/\/axell-group.com\/pl\/wp-content\/uploads\/sites\/3\/2025\/11\/Bureau33_Axell_gifts_LR-2-scaled.jpg 2560w, https:\/\/axell-group.com\/pl\/wp-content\/uploads\/sites\/3\/2025\/11\/Bureau33_Axell_gifts_LR-2-300x200.jpg 300w, https:\/\/axell-group.com\/pl\/wp-content\/uploads\/sites\/3\/2025\/11\/Bureau33_Axell_gifts_LR-2-1024x683.jpg 1024w, https:\/\/axell-group.com\/pl\/wp-content\/uploads\/sites\/3\/2025\/11\/Bureau33_Axell_gifts_LR-2-768x512.jpg 768w, https:\/\/axell-group.com\/pl\/wp-content\/uploads\/sites\/3\/2025\/11\/Bureau33_Axell_gifts_LR-2-1536x1024.jpg 1536w, https:\/\/axell-group.com\/pl\/wp-content\/uploads\/sites\/3\/2025\/11\/Bureau33_Axell_gifts_LR-2-2048x1365.jpg 2048w, https:\/\/axell-group.com\/pl\/wp-content\/uploads\/sites\/3\/2025\/11\/Bureau33_Axell_gifts_LR-2-1920x1280.jpg 1920w, https:\/\/axell-group.com\/pl\/wp-content\/uploads\/sites\/3\/2025\/11\/Bureau33_Axell_gifts_LR-2-767x511.jpg 767w, https:\/\/axell-group.com\/pl\/wp-content\/uploads\/sites\/3\/2025\/11\/Bureau33_Axell_gifts_LR-2-817x545.jpg 817w\" sizes=\"auto, (max-width: 2560px) 100vw, 2560px\" \/><\/figure>\n<h3 class=\"wp-block-heading\">Czy chc\u0105 Pa\u0144stwo \u2013 podobnie jak wielu naszych klient\u00f3w \u2013 \u0142a\u0144cuch dostaw gotowy na przysz\u0142o\u015b\u0107?<\/h3>\n<p><strong><a href=\"https:\/\/axell-group.com\/pl\/formularz-kontaktowy\/\">Skontaktuj si\u0119 <\/a>z naszymi ekspertami logistycznymi lub sprawd\u017a, <a href=\"https:\/\/axell-group.com\/pl\/uslugi\/\">w jaki spos\u00f3b mo\u017cemy wzmocni\u0107 Twoj\u0105 logistyk\u0119.<\/a><br \/>B\u0105d\u017a na bie\u017c\u0105co z <strong><a href=\"https:\/\/www.linkedin.com\/company\/axell-logistics\/\" target=\"_blank\" rel=\"noopener\">Axell Logistics<\/a><\/strong><\/strong> <strong>\u2013 \u015bled\u017a nas na LinkedIn i odwiedzaj nasz\u0105 <a href=\"https:\/\/axell-group.com\/pl\/\">stron\u0119 internetow\u0105.<\/a><\/strong><\/p><\/p>\n","protected":false},"excerpt":{"rendered":"<p>Sprawd\u017a nasze godziny otwarcia i informacje serwisowe na okres \u015bwi\u0105teczny 2025\u20132026<\/p>\n","protected":false},"featured_media":2464,"template":"","cat_actual":[48,25],"class_list":["post-2463","actual","type-actual","status-publish","has-post-thumbnail","hentry","cat_actual-axell-group","cat_actual-axell-logistics"],"acf":[],"_links":{"self":[{"href":"https:\/\/axell-group.com\/pl\/wp-json\/wp\/v2\/actual\/2463","targetHints":{"allow":["GET"]}}],"collection":[{"href":"https:\/\/axell-group.com\/pl\/wp-json\/wp\/v2\/actual"}],"about":[{"href":"https:\/\/axell-group.com\/pl\/wp-json\/wp\/v2\/types\/actual"}],"wp:featuredmedia":[{"embeddable":true,"href":"https:\/\/axell-group.com\/pl\/wp-json\/wp\/v2\/media\/2464"}],"wp:attachment":[{"href":"https:\/\/axell-group.com\/pl\/wp-json\/wp\/v2\/media?parent=2463"}],"wp:term":[{"taxonomy":"cat_actual","embeddable":true,"href":"https:\/\/axell-group.com\/pl\/wp-json\/wp\/v2\/cat_actual?post=2463"}],"curies":[{"name":"wp","href":"https:\/\/api.w.org\/{rel}","templated":true}]}}