{"id":2526,"date":"2025-12-11T11:58:13","date_gmt":"2025-12-11T10:58:13","guid":{"rendered":"https:\/\/axell-group.com\/pl\/?post_type=actual&#038;p=2526"},"modified":"2026-01-27T13:53:04","modified_gmt":"2026-01-27T12:53:04","slug":"dzien-kierowcy-zawodowego-2025","status":"publish","type":"actual","link":"https:\/\/axell-group.com\/pl\/aktualnosci\/dzien-kierowcy-zawodowego-2025\/","title":{"rendered":"Dzie\u0144 Kierowcy Zawodowego 2025"},"content":{"rendered":"<p><strong>W Axell Logistics nasi kierowcy s\u0105 w centrum uwagi<\/strong>!<\/p>\n<p><strong>11 grudnia 2025 r.<\/strong>  Dzi\u015b w Axell Logistics w Holandii ponownie obchodzimy <strong>Dzie\u0144 Kierowcy Zawodowego, <\/strong>wa\u017cny dzie\u0144, w kt\u00f3rym zatrzymujemy si\u0119, aby doceni\u0107 ludzi, kt\u00f3rzy ka\u017cdego dnia utrzymuj\u0105 nasz\u0105 operacj\u0119 logistyczn\u0105 w ruchu: naszych kierowc\u00f3w. To oni dbaj\u0105 o to, aby towary by\u0142y przewo\u017cone bezpiecznie, na czas i z profesjonalizmem w Holandii, Polsce oraz w ca\u0142ej Europie. Bez nich brakuje niezawodnego ogniwa w \u0142a\u0144cuchu dostaw.<\/p>\n<h2 class=\"wp-block-heading\">Poranek pe\u0142en wdzi\u0119czno\u015bci<\/h2>\n<p>Dzisiejszego ranka zaskoczyli\u015bmy naszych kierowc\u00f3w w Holandii ma\u0142ym upominkiem jako wyraz naszej wdzi\u0119czno\u015bci. To drobny gest, ale o wielkim znaczeniu. Ka\u017cdego dnia na nowo widzimy, ile zaanga\u017cowania, elastyczno\u015bci i poczucia odpowiedzialno\u015bci wnosz\u0105. W Axell Logistics wsp\u00f3\u0142pracujemy z zgranym zespo\u0142em profesjonalnych kierowc\u00f3w, ka\u017cdy z nich to prawdziwy ekspert, kt\u00f3ry niezale\u017cnie od pogody, ruchu czy sezonowego nat\u0142oku, jest gotowy do dzia\u0142ania dla naszych klient\u00f3w.<\/p>\n<figure class=\"wp-block-image size-large\"><img loading=\"lazy\" decoding=\"async\" width=\"1024\" height=\"576\" src=\"https:\/\/axell-group.com\/pl\/wp-content\/uploads\/sites\/3\/2025\/12\/79-1024x576.jpg\" alt=\"\" class=\"wp-image-2527\" srcset=\"https:\/\/axell-group.com\/pl\/wp-content\/uploads\/sites\/3\/2025\/12\/79-1024x576.jpg 1024w, https:\/\/axell-group.com\/pl\/wp-content\/uploads\/sites\/3\/2025\/12\/79-300x169.jpg 300w, https:\/\/axell-group.com\/pl\/wp-content\/uploads\/sites\/3\/2025\/12\/79-768x432.jpg 768w, https:\/\/axell-group.com\/pl\/wp-content\/uploads\/sites\/3\/2025\/12\/79-1536x864.jpg 1536w, https:\/\/axell-group.com\/pl\/wp-content\/uploads\/sites\/3\/2025\/12\/79-767x431.jpg 767w, https:\/\/axell-group.com\/pl\/wp-content\/uploads\/sites\/3\/2025\/12\/79-817x460.jpg 817w, https:\/\/axell-group.com\/pl\/wp-content\/uploads\/sites\/3\/2025\/12\/79.jpg 1920w\" sizes=\"auto, (max-width: 1024px) 100vw, 1024px\" \/><\/figure>\n<h2 class=\"wp-block-heading\"><strong>Dlaczego ten dzie\u0144 jest tak wa\u017cny<\/strong><\/h2>\n<p><a href=\"https:\/\/axell-group.com\/pl\/transport\/\">Sektor transportu<\/a> jest niezb\u0119dny dla naszej gospodarki. Szczeg\u00f3lnie w intensywnych okresach, jak czas \u015bwi\u0105teczny, kierowcy wk\u0142adaj\u0105 dodatkowy wysi\u0142ek, aby zapewni\u0107 niezawodno\u015b\u0107 i ci\u0105g\u0142o\u015b\u0107 dostaw. Dlatego tak wa\u017cne jest, by zatrzyma\u0107 si\u0119 na chwil\u0119 i doceni\u0107 ich prac\u0119. <a href=\"https:\/\/dagvandevrachtwagenchauffeur.nl\/\" target=\"_blank\" rel=\"noopener\">Dzie\u0144 Kierowcy Zawodowego<\/a> to co\u015b wi\u0119cej ni\u017c zwyk\u0142e \u201edzi\u0119kuj\u0119\u201d to moment, by podkre\u015bli\u0107 znaczenie zawodu, kt\u00f3ry bywa niedoceniany, a jest kluczowy dla ka\u017cdego etapu \u0142a\u0144cucha logistycznego.<\/p>\n<h2 class=\"wp-block-heading\"><strong>Kierowcy w Axell Logistics: wi\u0119cej ni\u017c tylko transport<\/strong><\/h2>\n<p>Nasi kierowcy nie tylko przemieszczaj\u0105 towary \u2013 s\u0105 przed\u0142u\u017ceniem naszej obs\u0142ugi. Reprezentuj\u0105 Axell przy ka\u017cdej dostawie, buduj\u0105 relacje z klientami i odgrywaj\u0105 kluczow\u0105 rol\u0119 w realizacji naszej obietnicy:<\/p>\n<p><strong>rzetelnych, starannych i efektywnych rozwi\u0105za\u0144 transportowych w Holandii, Polsce oraz w ca\u0142ej Europie.<\/strong><\/p>\n<p>Dzie\u0144 po dniu wykazuj\u0105 si\u0119 profesjonalizmem, zaanga\u017cowaniem i nastawieniem na rozwi\u0105zywanie problem\u00f3w. To zas\u0142uguje na uznanie.<\/p>\n<h2 class=\"wp-block-heading\"><strong>Wielkie podzi\u0119kowania<\/strong><\/h2>\n<p>Wszystkim naszym kierowcom: <strong>dzi\u0119kujemy!<\/strong><\/p>\n<p>Wasza praca naprawd\u0119 robi r\u00f3\u017cnic\u0119, dla nas, dla naszych klient\u00f3w i dla tysi\u0119cy \u0142a\u0144cuch\u00f3w dostaw, kt\u00f3re opieraj\u0105 si\u0119 na terminowych i bezpiecznych dostawach. Jeste\u015bmy z Was dumni i wdzi\u0119czni, \u017ce jeste\u015bcie cz\u0119\u015bci\u0105 zespo\u0142u Axell.<\/p>\n<figure class=\"wp-block-image size-large\"><img loading=\"lazy\" decoding=\"async\" width=\"1024\" height=\"576\" src=\"https:\/\/axell-group.com\/pl\/wp-content\/uploads\/sites\/3\/2025\/12\/77-1024x576.jpg\" alt=\"\" class=\"wp-image-2528\" srcset=\"https:\/\/axell-group.com\/pl\/wp-content\/uploads\/sites\/3\/2025\/12\/77-1024x576.jpg 1024w, https:\/\/axell-group.com\/pl\/wp-content\/uploads\/sites\/3\/2025\/12\/77-300x169.jpg 300w, https:\/\/axell-group.com\/pl\/wp-content\/uploads\/sites\/3\/2025\/12\/77-768x432.jpg 768w, https:\/\/axell-group.com\/pl\/wp-content\/uploads\/sites\/3\/2025\/12\/77-1536x864.jpg 1536w, https:\/\/axell-group.com\/pl\/wp-content\/uploads\/sites\/3\/2025\/12\/77-767x431.jpg 767w, https:\/\/axell-group.com\/pl\/wp-content\/uploads\/sites\/3\/2025\/12\/77-817x460.jpg 817w, https:\/\/axell-group.com\/pl\/wp-content\/uploads\/sites\/3\/2025\/12\/77.jpg 1920w\" sizes=\"auto, (max-width: 1024px) 100vw, 1024px\" \/><\/figure>\n<h2 class=\"wp-block-heading\"><strong>Razem naprz\u00f3d w 2026 roku<\/strong><\/h2>\n<p>W nadchodz\u0105cym roku b\u0119dziemy nadal inwestowa\u0107 w bezpieczne warunki pracy, nowoczesn\u0105 flot\u0119 oraz przyjazne \u015brodowisko pracy. Bo dobra logistyka zaczyna si\u0119 od dobrych ludzi, a nasi kierowcy bez w\u0105tpienia do nich nale\u017c\u0105.<\/p>\n<hr class=\"wp-block-separator has-alpha-channel-opacity\"\/>\n<p>Chcesz dowiedzie\u0107 si\u0119 wi\u0119cej o pracy jako kierowca w Axell Logistics lub do\u0142\u0105czy\u0107 do naszego zespo\u0142u?<\/p>\n<p><strong>Odwied\u017a nasz\u0105 stron\u0119<\/strong> <strong>\u279d <a href=\"https:\/\/axell-group.com\/pl\/\">www.axell.pl<\/a><\/strong><\/p>\n","protected":false},"excerpt":{"rendered":"<p>Dzie\u0144 Kierowcy Ci\u0119\u017car\u00f3wki 2025 w Niderlandach \u2013 wielki sukces<\/p>\n","protected":false},"featured_media":2528,"template":"","cat_actual":[48,25,27,7],"class_list":["post-2526","actual","type-actual","status-publish","has-post-thumbnail","hentry","cat_actual-axell-group","cat_actual-axell-logistics","cat_actual-axell-financial-services","cat_actual-qhse-news"],"acf":[],"_links":{"self":[{"href":"https:\/\/axell-group.com\/pl\/wp-json\/wp\/v2\/actual\/2526","targetHints":{"allow":["GET"]}}],"collection":[{"href":"https:\/\/axell-group.com\/pl\/wp-json\/wp\/v2\/actual"}],"about":[{"href":"https:\/\/axell-group.com\/pl\/wp-json\/wp\/v2\/types\/actual"}],"wp:featuredmedia":[{"embeddable":true,"href":"https:\/\/axell-group.com\/pl\/wp-json\/wp\/v2\/media\/2528"}],"wp:attachment":[{"href":"https:\/\/axell-group.com\/pl\/wp-json\/wp\/v2\/media?parent=2526"}],"wp:term":[{"taxonomy":"cat_actual","embeddable":true,"href":"https:\/\/axell-group.com\/pl\/wp-json\/wp\/v2\/cat_actual?post=2526"}],"curies":[{"name":"wp","href":"https:\/\/api.w.org\/{rel}","templated":true}]}}