{"id":2549,"date":"2025-12-19T11:13:44","date_gmt":"2025-12-19T10:13:44","guid":{"rendered":"https:\/\/axell-group.com\/pl\/?post_type=actual&#038;p=2549"},"modified":"2025-12-23T11:20:09","modified_gmt":"2025-12-23T10:20:09","slug":"europejskie-zakazy-ruchu-dla-samochodow-ciezarowych-boze-narodzenie-i-nowy-rok-2025-2026-2","status":"publish","type":"actual","link":"https:\/\/axell-group.com\/pl\/aktualnosci\/europejskie-zakazy-ruchu-dla-samochodow-ciezarowych-boze-narodzenie-i-nowy-rok-2025-2026-2\/","title":{"rendered":"Europejskie zakazy ruchu dla samochod\u00f3w ci\u0119\u017carowych \u2013 Bo\u017ce Narodzenie i Nowy Rok 2025\/2026"},"content":{"rendered":"<p>Okres grudnia i stycznia co roku wi\u0105\u017ce si\u0119 z dodatkowymi wyzwaniami dla planowania transportu w Europie. Wynikaj\u0105 one nie tylko z samych \u015bwi\u0105t, lecz tak\u017ce z obowi\u0105zuj\u0105cych w poszczeg\u00f3lnych krajach zakaz\u00f3w ruchu dla pojazd\u00f3w ci\u0119\u017carowych. Terminowa znajomo\u015b\u0107 tych regulacji pozwala unikn\u0105\u0107 op\u00f3\u017anie\u0144 i zapewni\u0107 niezawodne dostawy dla naszych klient\u00f3w.<\/p>\n<p>W <a href=\"https:\/\/axell-group.com\/pl\/\">Axell Logistics<\/a> przyk\u0142adamy du\u017c\u0105 wag\u0119 do tego, aby nasi partnerzy i klienci mieli dost\u0119p do aktualnych i rzetelnych informacji we w\u0142a\u015bciwym czasie. W niniejszym artykule przedstawiamy najwa\u017cniejsze ograniczenia w ruchu i transporcie obowi\u0105zuj\u0105ce w okresie Bo\u017cego Narodzenia oraz Nowego Roku 2025\/2026.<\/p>\n<h2 class=\"wp-block-heading\">Europejskie zakazy ruchu w okresie \u015bwi\u0105tecznym<\/h2>\n<p>W wielu krajach europejskich w okresie oficjalnych \u015bwi\u0105t obowi\u0105zuj\u0105 szczeg\u00f3lne zakazy ruchu dla pojazd\u00f3w ci\u0119\u017carowych powy\u017cej okre\u015blonej dopuszczalnej masy. \u015arodki te maj\u0105 na celu ograniczenie nat\u0119\u017cenia ruchu, jednak bezpo\u015brednio wp\u0142ywaj\u0105 na transport mi\u0119dzynarodowy oraz planowanie \u0142a\u0144cucha dostaw.<\/p>\n<figure class=\"wp-block-image size-large\"><img loading=\"lazy\" decoding=\"async\" width=\"1024\" height=\"576\" src=\"https:\/\/axell-group.com\/pl\/wp-content\/uploads\/sites\/3\/2025\/12\/Driving-Ban-1024x576.png\" alt=\"\" class=\"wp-image-2542\" srcset=\"https:\/\/axell-group.com\/pl\/wp-content\/uploads\/sites\/3\/2025\/12\/Driving-Ban-1024x576.png 1024w, https:\/\/axell-group.com\/pl\/wp-content\/uploads\/sites\/3\/2025\/12\/Driving-Ban-300x169.png 300w, https:\/\/axell-group.com\/pl\/wp-content\/uploads\/sites\/3\/2025\/12\/Driving-Ban-768x432.png 768w, https:\/\/axell-group.com\/pl\/wp-content\/uploads\/sites\/3\/2025\/12\/Driving-Ban-767x431.png 767w, https:\/\/axell-group.com\/pl\/wp-content\/uploads\/sites\/3\/2025\/12\/Driving-Ban-817x460.png 817w, https:\/\/axell-group.com\/pl\/wp-content\/uploads\/sites\/3\/2025\/12\/Driving-Ban.png 1280w\" sizes=\"auto, (max-width: 1024px) 100vw, 1024px\" \/><\/figure>\n<h3 class=\"wp-block-heading\">Zakazy ruchu w Holandii<\/h3>\n<p>W Holandii nie obowi\u0105zuje og\u00f3lny zakaz ruchu dla transportu ci\u0119\u017carowego w okresie Bo\u017cego Narodzenia i Nowego Roku.<\/p>\n<p>Mog\u0105 jednak wyst\u0119powa\u0107 ograniczenia dotycz\u0105ce:<\/p>\n<ul class=\"wp-block-list\">\n<li>transport\u00f3w ponadnormatywnych<\/li>\n<li>wybranych odcink\u00f3w dr\u00f3g lub tras lokalnych<\/li>\n<\/ul>\n<p>Dla <a href=\"https:\/\/axell-group.com\/pl\/transport\/\">planowania transportu<\/a> na terenie Holandii oznacza to zazwyczaj wi\u0119ksz\u0105 elastyczno\u015b\u0107, jednak odpowiednia koordynacja pozostaje kluczowa.<\/p>\n<h3 class=\"wp-block-heading\">Zakazy ruchu w Polsce<\/h3>\n<p>W Polsce obowi\u0105zuje zakaz ruchu dla pojazd\u00f3w ci\u0119\u017carowych o dopuszczalnej masie ca\u0142kowitej powy\u017cej 12 ton w nast\u0119puj\u0105cych dniach:<\/p>\n<ul class=\"wp-block-list\">\n<li><strong>25 grudnia 2025 r.<\/strong><\/li>\n<li><strong>26 grudnia 2025 r.<\/strong><\/li>\n<li><strong>1 stycznia 2026 r.<\/strong><br \/><strong>Godziny obowi\u0105zywania:<\/strong> 08:00\u201322:00<\/li>\n<\/ul>\n<p>W przypadku transport\u00f3w pomi\u0119dzy Holandi\u0105, a Polsk\u0105 precyzyjne planowanie czasowe jest niezb\u0119dne, aby unikn\u0105\u0107 op\u00f3\u017anie\u0144.<\/p>\n<h3 class=\"wp-block-heading\">Zakazy ruchu w Niemczech<\/h3>\n<p>W Niemczech obowi\u0105zuje zakaz ruchu dla pojazd\u00f3w ci\u0119\u017carowych o masie powy\u017cej <strong>7,5 tony<\/strong> w nast\u0119puj\u0105cych dniach:<\/p>\n<ul class=\"wp-block-list\">\n<li><strong>25 grudnia 2025 r.<\/strong><\/li>\n<li><strong>26 grudnia 2025 r.<\/strong><\/li>\n<li><strong>1 stycznia 2026 r.<\/strong><br \/><strong>Godziny obowi\u0105zywania:<\/strong> 00:00\u201322:00<\/li>\n<\/ul>\n<p>Dodatkowo nadal obowi\u0105zuje standardowy zakaz ruchu w niedziele i \u015bwi\u0119ta. Mo\u017ce to mie\u0107 wp\u0142yw na transport tranzytowy oraz planowane czasy dostaw na terenie Niemiec i poza ich granicami.<\/p>\n<p>Je\u015bli chcesz dok\u0142adnie sprawdzi\u0107, <strong>czy i kiedy obowi\u0105zuj\u0105 zakazy ruchu w poszczeg\u00f3lnych krajach<\/strong>, warto korzysta\u0107 z aktualnych zestawie\u0144. Jednym z cz\u0119sto u\u017cywanych \u017ar\u00f3de\u0142 jest <a href=\"https:\/\/trafficban.com\" target=\"_blank\" rel=\"noopener\">trafficban.com<\/a>, gdzie dost\u0119pne s\u0105 informacje o obowi\u0105zuj\u0105cych ograniczeniach transportowych wed\u0142ug kraju i daty.<\/p>\n<h2 class=\"wp-block-heading\"><strong>Dodatkowe kwestie wymagaj\u0105ce szczeg\u00f3lnej uwagi w okresie Bo\u017cego Narodzenia i Nowego Roku<\/strong><\/h2>\n<p>Opr\u00f3cz sta\u0142ych dni \u015bwi\u0105tecznych w niekt\u00f3rych krajach obowi\u0105zuj\u0105 dodatkowe ograniczenia w ruchu r\u00f3wnie\u017c w dniach poprzedzaj\u0105cych lub nast\u0119puj\u0105cych po Bo\u017cym Narodzeniu i Nowym Roku. Mo\u017ce to prowadzi\u0107 do wyd\u0142u\u017conych czas\u00f3w oczekiwania na przej\u015bciach granicznych, w centrach dystrybucyjnych oraz w hubach logistycznych.<\/p>\n<p>Dla <strong>Twojej firmy <\/strong>mo\u017ce to oznacza\u0107:<\/p>\n<ul class=\"wp-block-list\">\n<li>dostosowane godziny za\u0142adunku,<\/li>\n<li>zmienione czasy tranzytu,<\/li>\n<li>konieczno\u015b\u0107 zwi\u0119kszonej uwagi w zakresie planowania zapas\u00f3w i dost\u0119pnych mocy transportowych.<\/li>\n<\/ul>\n<h2 class=\"wp-block-heading\">Co oznaczaj\u0105 zakazy ruchu dla planowania logistycznego?<\/h2>\n<p>Dobra znajomo\u015b\u0107 obowi\u0105zuj\u0105cych zakaz\u00f3w ruchu oraz krajowych regulacji pozwala:<\/p>\n<ul class=\"wp-block-list\">\n<li>ograniczy\u0107 op\u00f3\u017anienia,<\/li>\n<li>utrzyma\u0107 wysok\u0105 niezawodno\u015b\u0107 dostaw,<\/li>\n<li>unikn\u0105\u0107 dodatkowych koszt\u00f3w wynikaj\u0105cych z przestoj\u00f3w lub konieczno\u015bci objazd\u00f3w.<\/li>\n<\/ul>\n<p>Dzi\u0119ki odpowiednio wczesnemu planowaniu Pa\u0144stwa \u0142a\u0144cuch dostaw pozostaje pod kontrol\u0105 oraz przewidywalny r\u00f3wnie\u017c w okresie \u015bwi\u0105tecznym.<\/p>\n<h2 class=\"wp-block-heading\">Rekomendacje Axell Logistics na okres \u015bwi\u0105teczny<\/h2>\n<p>Rekomendujemy, aby:<\/p>\n<ul class=\"wp-block-list\">\n<li>sprawdzi\u0107 obowi\u0105zuj\u0105ce zakazy ruchu oraz dopuszczalne klasy wagowe w poszczeg\u00f3lnych krajach,<\/li>\n<li>z wyprzedzeniem poinformowa\u0107 swojego partnera logistycznego o potencjalnym wp\u0142ywie na terminy dostaw.<\/li>\n<\/ul>\n<h2 class=\"wp-block-heading\"><strong>Najcz\u0119\u015bciej zadawane pytania dotycz\u0105ce zakaz\u00f3w ruchu w okresie \u015bwi\u0105tecznym<\/strong><\/h2>\n<h3 class=\"wp-block-heading\"><strong>Gdzie mog\u0119 sprawdzi\u0107 zakazy ruchu w poszczeg\u00f3lnych krajach?<\/strong><br \/><\/h3>\n<p>Zakazy ruchu mo\u017cna sprawdzi\u0107, korzystaj\u0105c z aktualnych zewn\u0119trznych \u017ar\u00f3de\u0142, takich jak <a href=\"https:\/\/trafficban.com\/\" target=\"_blank\" rel=\"noopener\"><strong>trafficban.com. <\/strong><\/a>Serwis ten prezentuje obowi\u0105zuj\u0105ce ograniczenia w ruchu i transporcie wed\u0142ug kraju oraz daty. Zalecamy jednak, aby zawsze \u0142\u0105czy\u0107 te informacje z profesjonalnym doradztwem transportowym.<\/p>\n<h3 class=\"wp-block-heading\"><strong>Czy zakaz ruchu dotyczy wszystkich pojazd\u00f3w ci\u0119\u017carowych?<\/strong><\/h3>\n<p>Nie. Zakazy ruchu r\u00f3\u017cni\u0105 si\u0119 w zale\u017cno\u015bci od kraju i cz\u0119sto uzale\u017cnione s\u0105 od dopuszczalnej <strong>masy ca\u0142kowitej <\/strong>pojazdu, rodzaju transportu oraz pory obowi\u0105zywania. W wielu przypadkach ograniczenia dotycz\u0105 wy\u0142\u0105cznie pojazd\u00f3w o masie powy\u017cej 7,5 lub 12 ton.<\/p>\n<h3 class=\"wp-block-heading\"><strong>Czy zakaz ruchu ma wp\u0142yw na czas dostawy?<\/strong><\/h3>\n<p>Tak. Zakazy ruchu mog\u0105 skutkowa\u0107 konieczno\u015bci\u0105 zmiany tras, wyd\u0142u\u017conymi czasami oczekiwania lub przesuni\u0119ciami godzin za\u0142adunku. Odpowiednio wczesne planowanie pozwala unikn\u0105\u0107 nieprzewidzianych zak\u0142\u00f3ce\u0144 w \u0142a\u0144cuchu dostaw.<\/p>\n<h3 class=\"wp-block-heading\"><strong>Czy Axell Logistics mo\u017ce pom\u00f3c w planowaniu transportu w okresie \u015bwi\u0105tecznym?<\/strong><\/h3>\n<p>Tak. Axell Logistics wspiera Pa\u0144stwa w zakresie planowania tras, koordynacji transportu oraz us\u0142ug magazynowych, zapewniaj\u0105c sprawn\u0105 obs\u0142ug\u0119 \u0142adunk\u00f3w zar\u00f3wno w trakcie \u015bwi\u0105t, jak i po ich zako\u0144czeniu.<\/p>\n<h2 class=\"wp-block-heading\">Niezawodna logistyka \u2013 r\u00f3wnie\u017c w okresie \u015bwi\u0105tecznym<\/h2>\n<p>Niezale\u017cnie od tego, czy chodzi o<a href=\"https:\/\/axell-group.com\/pl\/transport\/transport-drobnicowy\/\"> transport drobnicowy,<\/a> <a href=\"https:\/\/axell-group.com\/pl\/dystrybucja\/\">dystrybucj\u0119 <\/a>mi\u0119dzynarodow\u0105 czy <a href=\"https:\/\/axell-group.com\/pl\/magazynowanie\/\">us\u0142ugi magazynowe,<\/a> Axell Logistics aktywnie wspiera Was <strong>w bezpiecznym, efektywnym i terminowym transporcie \u0142adunk\u00f3w<\/strong> &#8211; r\u00f3wnie\u017c w okresie Bo\u017cego Narodzenia i Nowego Roku.<\/p>\n<p>Zapraszamy do<a href=\"https:\/\/axell-group.com\/pl\/formularz-kontaktowy\/\"> kontaktu<\/a> w celu uzyskania indywidualnego doradztwa dotycz\u0105cego l<strong>ogistyki w okresie \u015bwi\u0105tecznym.<\/strong><\/p>\n<p>Axell Logistics ch\u0119tnie wesprze Pa\u0144stwa w zakresie planowania tras, ustalania realistycznych czas\u00f3w tranzytu oraz bie\u017c\u0105cego monitorowania transport\u00f3w w okresach zwi\u0119kszonego nat\u0119\u017cenia operacyjnego.<\/p>\n","protected":false},"excerpt":{"rendered":"<p>Okres grudnia i stycznia co roku wi\u0105\u017ce si\u0119 z dodatkowymi wyzwaniami dla planowania transportu w Europie. Wynikaj\u0105 one nie tylko z samych \u015bwi\u0105t, lecz tak\u017ce z obowi\u0105zuj\u0105cych w poszczeg\u00f3lnych krajach zakaz\u00f3w ruchu dla pojazd\u00f3w ci\u0119\u017carowych. Terminowa znajomo\u015b\u0107 tych regulacji pozwala unikn\u0105\u0107 op\u00f3\u017anie\u0144 i zapewni\u0107 niezawodne dostawy dla naszych klient\u00f3w. W Axell Logistics przyk\u0142adamy du\u017c\u0105 wag\u0119 [&hellip;]<\/p>\n","protected":false},"featured_media":2547,"template":"","cat_actual":[],"class_list":["post-2549","actual","type-actual","status-publish","has-post-thumbnail","hentry"],"acf":[],"_links":{"self":[{"href":"https:\/\/axell-group.com\/pl\/wp-json\/wp\/v2\/actual\/2549","targetHints":{"allow":["GET"]}}],"collection":[{"href":"https:\/\/axell-group.com\/pl\/wp-json\/wp\/v2\/actual"}],"about":[{"href":"https:\/\/axell-group.com\/pl\/wp-json\/wp\/v2\/types\/actual"}],"wp:featuredmedia":[{"embeddable":true,"href":"https:\/\/axell-group.com\/pl\/wp-json\/wp\/v2\/media\/2547"}],"wp:attachment":[{"href":"https:\/\/axell-group.com\/pl\/wp-json\/wp\/v2\/media?parent=2549"}],"wp:term":[{"taxonomy":"cat_actual","embeddable":true,"href":"https:\/\/axell-group.com\/pl\/wp-json\/wp\/v2\/cat_actual?post=2549"}],"curies":[{"name":"wp","href":"https:\/\/api.w.org\/{rel}","templated":true}]}}