{"id":986,"date":"2022-03-28T17:02:19","date_gmt":"2022-03-28T15:02:19","guid":{"rendered":"https:\/\/axell-group.com\/pl\/?post_type=actual&#038;p=986"},"modified":"2025-07-15T17:57:42","modified_gmt":"2025-07-15T15:57:42","slug":"axell-group-klienci-wspieraja-ukraine","status":"publish","type":"actual","link":"https:\/\/axell-group.com\/pl\/aktualnosci\/axell-group-klienci-wspieraja-ukraine\/","title":{"rendered":"Axell Group &#038; Klienci \u2014 wspieraj\u0105 Ukrain\u0119"},"content":{"rendered":"<p>Jeste\u015bmy pod wra\u017ceniem  postawy naszych Klient\u00f3w i pracownik\u00f3w w kryzysowych sytuacjach.<\/p>\n<p>W ostatnich tygodniach wszyscy byli\u015bmy zszokowani wydarzeniami na Ukrainie. Jako holendersko-polska firma rodzinna czujemy si\u0119 zwi\u0105zani z mieszka\u0144cami Ukrainy, z kt\u00f3rych wielu uciek\u0142o do Polski. <\/p>\n<p>Dlatego te\u017c nasze zespo\u0142y z Holandii i Polski natychmiast podj\u0119\u0142y inicjatyw\u0119 zbi\u00f3rki pomocy humanitarnej.<\/p>\n<h2 class=\"wp-block-heading has-text-align-center\">Pomoc ze strony Holandii<\/h2>\n<div class=\"wp-block-media-text is-stacked-on-mobile is-vertically-aligned-center\">\n<figure class=\"wp-block-media-text__media\"><img loading=\"lazy\" decoding=\"async\" width=\"1024\" height=\"1024\" src=\"https:\/\/axell-group.com\/pl\/wp-content\/uploads\/sites\/3\/2022\/03\/Projekt-bez-tytulu-2022-03-28T140957.239-1024x1024.png\" alt=\"\" class=\"wp-image-987 size-full\" srcset=\"https:\/\/axell-group.com\/pl\/wp-content\/uploads\/sites\/3\/2022\/03\/Projekt-bez-tytulu-2022-03-28T140957.239-1024x1024.png 1024w, https:\/\/axell-group.com\/pl\/wp-content\/uploads\/sites\/3\/2022\/03\/Projekt-bez-tytulu-2022-03-28T140957.239-300x300.png 300w, https:\/\/axell-group.com\/pl\/wp-content\/uploads\/sites\/3\/2022\/03\/Projekt-bez-tytulu-2022-03-28T140957.239-150x150.png 150w, https:\/\/axell-group.com\/pl\/wp-content\/uploads\/sites\/3\/2022\/03\/Projekt-bez-tytulu-2022-03-28T140957.239-768x768.png 768w, https:\/\/axell-group.com\/pl\/wp-content\/uploads\/sites\/3\/2022\/03\/Projekt-bez-tytulu-2022-03-28T140957.239-767x767.png 767w, https:\/\/axell-group.com\/pl\/wp-content\/uploads\/sites\/3\/2022\/03\/Projekt-bez-tytulu-2022-03-28T140957.239-817x817.png 817w, https:\/\/axell-group.com\/pl\/wp-content\/uploads\/sites\/3\/2022\/03\/Projekt-bez-tytulu-2022-03-28T140957.239.png 1080w\" sizes=\"auto, (max-width: 1024px) 100vw, 1024px\" \/><\/figure>\n<div class=\"wp-block-media-text__content\">\n<p>Axell Logistics Netherlands zorganizowa\u0142 wewn\u0119trzn\u0105 kampani\u0119 pozyskiwania funduszy. <\/p>\n<p>W Etten-Leur i Diessen uda\u0142o si\u0119 zebra\u0107 ponad 28 palet pomocy humanitarnej. <\/p>\n<\/div>\n<\/div>\n<p>Razem z naszymi polskimi oddzia\u0142ami uda\u0142o nam si\u0119 zebra\u0107 \u0142\u0105cznie 37 palet z towarem pomocy humanitarnej.<\/p>\n<p>Zwr\u00f3cili si\u0119 te\u017c do swoich Klient\u00f3w z pytaniem o przekazanie materia\u0142\u00f3w eksploatacyjnych i\/lub \u015brodk\u00f3w finansowych \u2014 oferuj\u0105c pe\u0142ne wsparcie logistyczne.<\/p>\n<p>We wsp\u00f3\u0142pracy z Loendersloot i Rida Trading uda\u0142o im si\u0119 przekaza\u0107 pierwsz\u0105 darowizn\u0119 na rzecz fundacji JCI Netherlands. Wype\u0142nili trzy w\u0142asne ci\u0119\u017car\u00f3wki produktami do higieny i dostarczyli je do centrum JCI. <\/p>\n<div class=\"wp-block-media-text alignwide has-media-on-the-right is-stacked-on-mobile is-vertically-aligned-center\">\n<div class=\"wp-block-media-text__content\">\n<p>Pierwszy \u0142adunek palet z zebranym towarem zosta\u0142 przewieziony przez czarter Helvoirt. Reszt\u0119 palet przewieziono do Polski. <\/p>\n<p>W akcj\u0119 zbi\u00f3rki zaanga\u017cowane by\u0142y r\u00f3wnie\u017c lokalne, holenderskie firmy. Jedna z nich &#8211; Hilvarenbeek &#8211; przekaza\u0142a ponad 300 zimowych p\u0142aszczy z kapturem!<\/p>\n<\/div>\n<figure class=\"wp-block-media-text__media\"><img loading=\"lazy\" decoding=\"async\" width=\"1024\" height=\"1024\" src=\"https:\/\/axell-group.com\/pl\/wp-content\/uploads\/sites\/3\/2022\/04\/Projekt-bez-tytulu-2022-04-07T094227.967-1024x1024.png\" alt=\"\" class=\"wp-image-1002 size-full\" srcset=\"https:\/\/axell-group.com\/pl\/wp-content\/uploads\/sites\/3\/2022\/04\/Projekt-bez-tytulu-2022-04-07T094227.967-1024x1024.png 1024w, https:\/\/axell-group.com\/pl\/wp-content\/uploads\/sites\/3\/2022\/04\/Projekt-bez-tytulu-2022-04-07T094227.967-300x300.png 300w, https:\/\/axell-group.com\/pl\/wp-content\/uploads\/sites\/3\/2022\/04\/Projekt-bez-tytulu-2022-04-07T094227.967-150x150.png 150w, https:\/\/axell-group.com\/pl\/wp-content\/uploads\/sites\/3\/2022\/04\/Projekt-bez-tytulu-2022-04-07T094227.967-768x768.png 768w, https:\/\/axell-group.com\/pl\/wp-content\/uploads\/sites\/3\/2022\/04\/Projekt-bez-tytulu-2022-04-07T094227.967-767x767.png 767w, https:\/\/axell-group.com\/pl\/wp-content\/uploads\/sites\/3\/2022\/04\/Projekt-bez-tytulu-2022-04-07T094227.967-817x817.png 817w, https:\/\/axell-group.com\/pl\/wp-content\/uploads\/sites\/3\/2022\/04\/Projekt-bez-tytulu-2022-04-07T094227.967.png 1080w\" sizes=\"auto, (max-width: 1024px) 100vw, 1024px\" \/><\/figure>\n<\/div>\n<p>Holenderscy Klienci r\u00f3wnie\u017c wzi\u0119li udzia\u0142 w zbi\u00f3rce. Mi\u0119dzy innymi producent obuwia dzieci\u0119cego z Nowej Zelandii Bobux, kt\u00f3ry podarowa\u0142 50 par but\u00f3w dzieci\u0119cych. Producent karmy dla zwierz\u0105t ZIWIPets przekaza\u0142 dwie palety karmy dla ps\u00f3w, a Gargo Hats (wolontariusze schroniska dla ps\u00f3w) przekazali 4 palety kocyk\u00f3w.<\/p>\n<p>Ponadto, nasz Klient, z kt\u00f3rym wsp\u00f3\u0142pracujemy od ponad 50 lat, <a href=\"https:\/\/www.smurfitkappa.com\/nl\" target=\"_blank\" rel=\"noreferrer noopener\">Smurfit Kappa<\/a>, podarowa\u0142 dwie palety tektury. By\u0142a to ogromna pomoc przy pakowaniu i transporcie towar\u00f3w.<\/p>\n<div style=\"height:50px\" aria-hidden=\"true\" class=\"wp-block-spacer\"><\/div>\n<h2 class=\"wp-block-heading has-text-align-center\">Zbi\u00f3rka w Polsce<\/h2>\n<div class=\"wp-block-media-text alignwide has-media-on-the-right is-stacked-on-mobile is-vertically-aligned-center\">\n<div class=\"wp-block-media-text__content\">\n<p>Zako\u0144czy\u0142a si\u0119 r\u00f3wnie\u017c zbi\u00f3rka d\u00f3br w Polsce!<\/p>\n<p>Chwil\u0119 po tym, jak wybuch\u0142a wojna na Ukrainie \u2014 rozpocz\u0119li\u015bmy zbi\u00f3rk\u0119 w ka\u017cdej z naszych lokalizacji. <\/p>\n<p>Udost\u0119pnili\u015bmy w nich list\u0119 najpotrzebniejszych zasob\u00f3w, dostarczon\u0105 przez fundacje zaanga\u017cowane we wsparcie uchod\u017acom. <\/p>\n<\/div>\n<figure class=\"wp-block-media-text__media\"><img loading=\"lazy\" decoding=\"async\" width=\"1024\" height=\"1024\" src=\"https:\/\/axell-group.com\/pl\/wp-content\/uploads\/sites\/3\/2022\/03\/Projekt-bez-tytulu-2022-03-28T141351.063-1024x1024.png\" alt=\"\" class=\"wp-image-988 size-full\" srcset=\"https:\/\/axell-group.com\/pl\/wp-content\/uploads\/sites\/3\/2022\/03\/Projekt-bez-tytulu-2022-03-28T141351.063-1024x1024.png 1024w, https:\/\/axell-group.com\/pl\/wp-content\/uploads\/sites\/3\/2022\/03\/Projekt-bez-tytulu-2022-03-28T141351.063-300x300.png 300w, https:\/\/axell-group.com\/pl\/wp-content\/uploads\/sites\/3\/2022\/03\/Projekt-bez-tytulu-2022-03-28T141351.063-150x150.png 150w, https:\/\/axell-group.com\/pl\/wp-content\/uploads\/sites\/3\/2022\/03\/Projekt-bez-tytulu-2022-03-28T141351.063-768x768.png 768w, https:\/\/axell-group.com\/pl\/wp-content\/uploads\/sites\/3\/2022\/03\/Projekt-bez-tytulu-2022-03-28T141351.063-767x767.png 767w, https:\/\/axell-group.com\/pl\/wp-content\/uploads\/sites\/3\/2022\/03\/Projekt-bez-tytulu-2022-03-28T141351.063-817x817.png 817w, https:\/\/axell-group.com\/pl\/wp-content\/uploads\/sites\/3\/2022\/03\/Projekt-bez-tytulu-2022-03-28T141351.063.png 1080w\" sizes=\"auto, (max-width: 1024px) 100vw, 1024px\" \/><\/figure>\n<\/div>\n<p>Dzi\u0119ki temu mieli\u015bmy pewno\u015b\u0107, \u017ce dostarczamy dok\u0142adnie to, co najpotrzebniejsze!<\/p>\n<p>Pomog\u0142o nam to zebra\u0107 4 palety produkt\u00f3w, kt\u00f3re realnie pomog\u0105 potrzebuj\u0105cym na granicy i Ukrainie.<\/p>\n<p>Ponadto w ramach pomocy pracownikom uruchomili\u015bmy r\u00f3wnie\u017c program darmowego wsparcia psychoterapeutycznego. Z tej inicjatywy m\u00f3g\u0142 skorzysta\u0107 ka\u017cdy, kto czu\u0142 tak\u0105 potrzeb\u0119.<\/p>\n<div style=\"height:50px\" aria-hidden=\"true\" class=\"wp-block-spacer\"><\/div>\n<h2 class=\"wp-block-heading has-text-align-center\">Wsparcie finansowe<\/h2>\n<p>Dali\u015bmy naszym pracownikom mo\u017cliwo\u015b\u0107 oddania pomocy lub wniesienia wk\u0142adu finansowego. Jako organizacja &#8211; w ramach dodatkowego wsparcia \u2014 podwoili\u015bmy zebran\u0105 przez nich kwot\u0119! <\/p>\n<p>\u0141\u0105cznie uda\u0142o nam si\u0119 zebra\u0107 4 230 \u20ac!<\/p>\n<p>Axell Group z ca\u0142ego serca wspiera wszystkie inicjatywy i ci\u0119\u017cko pracuje, aby dostarczy\u0107 Ukrainie zar\u00f3wno pomoc humanitarn\u0105, jak i finansow\u0105. <\/p>\n<p>Jeste\u015bmy z Wami!<\/p>\n","protected":false},"excerpt":{"rendered":"<p>Jeste\u015bmy pod wra\u017ceniem postawy naszych Klient\u00f3w i pracownik\u00f3w w kryzysowych sytuacjach. W ostatnich tygodniach wszyscy byli\u015bmy zszokowani wydarzeniami na Ukrainie. Jako holendersko-polska firma rodzinna czujemy si\u0119 zwi\u0105zani z mieszka\u0144cami Ukrainy, z kt\u00f3rych wielu uciek\u0142o do Polski. Dlatego te\u017c nasze zespo\u0142y z Holandii i Polski natychmiast podj\u0119\u0142y inicjatyw\u0119 zbi\u00f3rki pomocy humanitarnej. Pomoc ze strony Holandii Axell [&hellip;]<\/p>\n","protected":false},"featured_media":989,"template":"","cat_actual":[48],"class_list":["post-986","actual","type-actual","status-publish","has-post-thumbnail","hentry","cat_actual-axell-group"],"acf":[],"_links":{"self":[{"href":"https:\/\/axell-group.com\/pl\/wp-json\/wp\/v2\/actual\/986","targetHints":{"allow":["GET"]}}],"collection":[{"href":"https:\/\/axell-group.com\/pl\/wp-json\/wp\/v2\/actual"}],"about":[{"href":"https:\/\/axell-group.com\/pl\/wp-json\/wp\/v2\/types\/actual"}],"wp:featuredmedia":[{"embeddable":true,"href":"https:\/\/axell-group.com\/pl\/wp-json\/wp\/v2\/media\/989"}],"wp:attachment":[{"href":"https:\/\/axell-group.com\/pl\/wp-json\/wp\/v2\/media?parent=986"}],"wp:term":[{"taxonomy":"cat_actual","embeddable":true,"href":"https:\/\/axell-group.com\/pl\/wp-json\/wp\/v2\/cat_actual?post=986"}],"curies":[{"name":"wp","href":"https:\/\/api.w.org\/{rel}","templated":true}]}}